{"id":3674,"date":"2023-11-15T11:01:46","date_gmt":"2023-11-15T10:01:46","guid":{"rendered":"https:\/\/warchildhood.org\/ba\/?p=3674"},"modified":"2023-11-16T11:57:10","modified_gmt":"2023-11-16T10:57:10","slug":"nastavnice-i-nastavnici-iz-regije-koriste-materijale-mrd-u-ucionicama-prica-iz-kragujevca","status":"publish","type":"post","link":"https:\/\/warchildhood.org\/ba\/nastavnice-i-nastavnici-iz-regije-koriste-materijale-mrd-u-ucionicama-prica-iz-kragujevca\/","title":{"rendered":"Nastavnice\/i iz regije koriste materijale MRD: Pri\u010da iz Kragujevca"},"content":{"rendered":"\n<p>Muzej ratnog djetinjstva nedavno je pokrenuo svoj <a href=\"https:\/\/warchildhood.org\/ba\/centar-za-mirovnu-edukaciju\/\">Centar za mirovnu edukaciju<\/a> namijenjen edukatoricama i edukatorima koji \u017eele koristiti materijale MRD. U ovom \u010dlanku, donosimo vam pri\u010du o radionici odr\u017eanoj po\u010detkom novembra, kada je grupa nastavnica iz Osnovne \u0161kole &#8220;Dragi\u0161a Lukovi\u0107 \u0160panac&#8221; iz Kragujevca odr\u017eala poseban \u010das o ulozi igra\u010daka u odrastanju djece tokom rata.<\/p>\n\n\n\n<figure class=\"wp-block-image size-large\"><img decoding=\"async\" width=\"1024\" height=\"768\" src=\"https:\/\/warchildhood.org\/ba\/wp-content\/uploads\/2023\/11\/Kragujevac-1-1024x768.jpg\" alt=\"\" class=\"wp-image-3677\" srcset=\"https:\/\/warchildhood.org\/ba\/wp-content\/uploads\/2023\/11\/Kragujevac-1-1024x768.jpg 1024w, https:\/\/warchildhood.org\/ba\/wp-content\/uploads\/2023\/11\/Kragujevac-1-300x225.jpg 300w, https:\/\/warchildhood.org\/ba\/wp-content\/uploads\/2023\/11\/Kragujevac-1-768x576.jpg 768w, https:\/\/warchildhood.org\/ba\/wp-content\/uploads\/2023\/11\/Kragujevac-1-1536x1152.jpg 1536w, https:\/\/warchildhood.org\/ba\/wp-content\/uploads\/2023\/11\/Kragujevac-1-2048x1536.jpg 2048w\" sizes=\"(max-width: 1024px) 100vw, 1024px\" \/><\/figure>\n\n\n\n<p>Kako bi se pripremili za \u010das, u\u010denici i u\u010denice su dobili\/e zadatak da fotografi\u0161u svoje omiljene igra\u010dke, te da na \u010dasu ispri\u010daju koliko su im one zna\u010dile tokom odrastanja. Nakon toga, nastavnice su cijeloj grupi pokazale fotografiju o\u0161i\u0161ane barbike, koja je pripadala djevoj\u010dici Sumeji, a danas se nalazi u kolekciji Muzeja ratnog djetinjstva u Sarajevu. Potom su im ispri\u010dale pri\u010du o Sumeji.<\/p>\n\n\n\n<figure class=\"wp-block-image size-large\"><img decoding=\"async\" width=\"1024\" height=\"768\" src=\"https:\/\/warchildhood.org\/ba\/wp-content\/uploads\/2023\/11\/Kragujevac-2-1024x768.jpg\" alt=\"\" class=\"wp-image-3678\" srcset=\"https:\/\/warchildhood.org\/ba\/wp-content\/uploads\/2023\/11\/Kragujevac-2-1024x768.jpg 1024w, https:\/\/warchildhood.org\/ba\/wp-content\/uploads\/2023\/11\/Kragujevac-2-300x225.jpg 300w, https:\/\/warchildhood.org\/ba\/wp-content\/uploads\/2023\/11\/Kragujevac-2-768x576.jpg 768w, https:\/\/warchildhood.org\/ba\/wp-content\/uploads\/2023\/11\/Kragujevac-2-1536x1152.jpg 1536w, https:\/\/warchildhood.org\/ba\/wp-content\/uploads\/2023\/11\/Kragujevac-2-2048x1536.jpg 2048w\" sizes=\"(max-width: 1024px) 100vw, 1024px\" \/><\/figure>\n\n\n\n<p>Sumeja je imala tri godine kada je sa mamom krenula kroz ratni tunel do bezbijednijeg dijela grada. Po\u0161to je bila jaka zima, a Sumejina mama nije imala zimsku obu\u0107u, na ulasku u tunel jedan vojnik joj je poklonio par novih nepropusnih \u010dizama. Ali, taman kada su pro\u0161le tunel, na samom izlazu, Sumeja je vidjela \u010dovjeka koji je u ruci dr\u017eao Barbie lutku. Toliko ju je \u017eeljela imati, da je odmah po\u010dela plakati. I tada je njena mama zamijenila tek dobivene \u010dizme za lutku.&nbsp;<\/p>\n\n\n\n<p>Pri\u010da o Sumeji i barbici pobudila je veliko interesovanje me\u0111u u\u010denicima i u\u010denicama. Podijeljeni u dvije grupe, do kraja \u010dasa, oni\/e su nastavili razgovarati o odluci Sumejnine mame, kao i o tome \u0161ta za dijete zna\u010di odrastati u ratnim uslovima i kakve to posljedice ostavlja na njihove \u017eivote poslije.\u00a0<\/p>\n\n\n\n<figure class=\"wp-block-image size-large\"><img decoding=\"async\" width=\"1024\" height=\"768\" src=\"https:\/\/warchildhood.org\/ba\/wp-content\/uploads\/2023\/11\/Kragujevac-4-1024x768.jpg\" alt=\"\" class=\"wp-image-3679\" srcset=\"https:\/\/warchildhood.org\/ba\/wp-content\/uploads\/2023\/11\/Kragujevac-4-1024x768.jpg 1024w, https:\/\/warchildhood.org\/ba\/wp-content\/uploads\/2023\/11\/Kragujevac-4-300x225.jpg 300w, https:\/\/warchildhood.org\/ba\/wp-content\/uploads\/2023\/11\/Kragujevac-4-768x576.jpg 768w, https:\/\/warchildhood.org\/ba\/wp-content\/uploads\/2023\/11\/Kragujevac-4-1536x1152.jpg 1536w, https:\/\/warchildhood.org\/ba\/wp-content\/uploads\/2023\/11\/Kragujevac-4-2048x1536.jpg 2048w\" sizes=\"(max-width: 1024px) 100vw, 1024px\" \/><\/figure>\n\n\n\n<p>\u010cas koji je odr\u017ean u Kragujeva\u010dkoj \u0161koli dio je projekta &#8220;Paket mirovnog obrazovanja za nastavnike i u\u010denike&#8221;, koji realiziraju Muzej ratnog djetinjstva (MRD), Inicijativa mladih za ljudska prava (YIHR), te Hrvatska edukacijska i razvojna mre\u017ea za evoluciju sporazumijevanja (HERMES), uz podr\u0161ku Erasmus+ programa.<\/p>\n","protected":false},"excerpt":{"rendered":"<p>Muzej ratnog djetinjstva nedavno je pokrenuo svoj Centar za mirovnu edukaciju namijenjen edukatoricama i edukatorima koji \u017eele koristiti materijale MRD. U ovom \u010dlanku, donosimo vam pri\u010du o radionici odr\u017eanoj po\u010detkom&#8230;<\/p>\n","protected":false},"author":3,"featured_media":3678,"comment_status":"closed","ping_status":"closed","sticky":false,"template":"","format":"standard","meta":{"give_campaign_id":0,"_seopress_robots_primary_cat":"none","_seopress_titles_title":"","_seopress_titles_desc":"","_seopress_robots_index":"","footnotes":""},"categories":[8],"tags":[16,12,13,14],"class_list":{"0":"post-3674","1":"post","2":"type-post","3":"status-publish","4":"format-standard","5":"has-post-thumbnail","7":"category-edukacija","8":"tag-edukacija","9":"tag-mrd","10":"tag-muzej-ratnog-djetinjstva","11":"tag-obrazovanje"},"_links":{"self":[{"href":"https:\/\/warchildhood.org\/ba\/wp-json\/wp\/v2\/posts\/3674","targetHints":{"allow":["GET"]}}],"collection":[{"href":"https:\/\/warchildhood.org\/ba\/wp-json\/wp\/v2\/posts"}],"about":[{"href":"https:\/\/warchildhood.org\/ba\/wp-json\/wp\/v2\/types\/post"}],"author":[{"embeddable":true,"href":"https:\/\/warchildhood.org\/ba\/wp-json\/wp\/v2\/users\/3"}],"replies":[{"embeddable":true,"href":"https:\/\/warchildhood.org\/ba\/wp-json\/wp\/v2\/comments?post=3674"}],"version-history":[{"count":6,"href":"https:\/\/warchildhood.org\/ba\/wp-json\/wp\/v2\/posts\/3674\/revisions"}],"predecessor-version":[{"id":3685,"href":"https:\/\/warchildhood.org\/ba\/wp-json\/wp\/v2\/posts\/3674\/revisions\/3685"}],"wp:featuredmedia":[{"embeddable":true,"href":"https:\/\/warchildhood.org\/ba\/wp-json\/wp\/v2\/media\/3678"}],"wp:attachment":[{"href":"https:\/\/warchildhood.org\/ba\/wp-json\/wp\/v2\/media?parent=3674"}],"wp:term":[{"taxonomy":"category","embeddable":true,"href":"https:\/\/warchildhood.org\/ba\/wp-json\/wp\/v2\/categories?post=3674"},{"taxonomy":"post_tag","embeddable":true,"href":"https:\/\/warchildhood.org\/ba\/wp-json\/wp\/v2\/tags?post=3674"}],"curies":[{"name":"wp","href":"https:\/\/api.w.org\/{rel}","templated":true}]}}