{"id":3734,"date":"2023-12-07T10:37:57","date_gmt":"2023-12-07T09:37:57","guid":{"rendered":"https:\/\/warchildhood.org\/ba\/?p=3734"},"modified":"2023-12-07T10:46:45","modified_gmt":"2023-12-07T09:46:45","slug":"centar-za-mirovnu-edukaciju-mrd-nudi-humaniji-i-integrativniji-pristup-obrazovanju","status":"publish","type":"post","link":"https:\/\/warchildhood.org\/ba\/centar-za-mirovnu-edukaciju-mrd-nudi-humaniji-i-integrativniji-pristup-obrazovanju\/","title":{"rendered":"Centar za mirovnu edukaciju MRD nudi humaniji i integrativniji pristup obrazovanju"},"content":{"rendered":"\n<p>Merima Ra\u017eanica, koordinatorica edukativnih aktivnosti Muzeja ratnog djetinjstva, ove je nedjelje odr\u017eala webinar namijenjen edukatorima i edukatoricama \u0161irom svijeta, na temu \u201cGlasovi djece i mladih\u201d. Predavanje je odr\u017eano u sklopu serije webinara koja se ti\u010du pitanja historije i mirovnog obrazovanja, a koju organizira me\u0111unarodni Institut edukatora i edukatorica za ljudska prava.<\/p>\n\n\n\n<p>Na po\u010detku svog izlaganja, Ra\u017eanica je uputila sudionike i sudionice u misiju i viziju MRD, te istaknula muzejsku posve\u0107enost izgradnji mira u svim segmentima svog djelovanja: istra\u017eiva\u010dkom, izlaga\u010dkom i edukativnom. Posebnu pa\u017enju, koordinatorica MRD je skrenula na edukativne aktivnosti koje Muzej sprovodi tokom cijele godine.<\/p>\n\n\n\n<figure class=\"wp-block-image size-full\"><img decoding=\"async\" width=\"640\" height=\"360\" src=\"https:\/\/warchildhood.org\/ba\/wp-content\/uploads\/2023\/12\/Merima.png\" alt=\"\" class=\"wp-image-3737\" srcset=\"https:\/\/warchildhood.org\/ba\/wp-content\/uploads\/2023\/12\/Merima.png 640w, https:\/\/warchildhood.org\/ba\/wp-content\/uploads\/2023\/12\/Merima-300x169.png 300w\" sizes=\"(max-width: 640px) 100vw, 640px\" \/><\/figure>\n\n\n\n<p>\u201cSve aktivnosti koje realizujemo oslanjaju se na iskustva onih \u010dije je djetinjstvo ili mladost obilje\u017eio rat. Smatramo da je u procesu ja\u010danja tolerancije, uva\u017eavanju razli\u010ditosti i protivljenju svakom obliku diskriminacije, neophodno dati glas mladima i djeci, koji se vrlo \u010desto nepravedno zapostavljaju u diskusijama o oru\u017eanim konfliktima i ratovima u svijetu\u201d, istaknula je Ra\u017eanica, te dodala da MRD posebno vodi ra\u010duna o izgradnji odgovaraju\u0107e metodologije u radu sa osjetljivim kategorijama dru\u0161tva u koju spadaju i djeca, uklju\u010duju\u0107i i djecu koja odrastaju u post-konfliktnim dru\u0161tvima.<\/p>\n\n\n\n<blockquote class=\"wp-block-quote is-layout-flow wp-block-quote-is-layout-flow\">\n<p>\u201cNedavno je MRD pokrenuo i Centar za mirovnu edukaciju koji je dostupan na na\u0161oj web stranici. Rije\u010d je o sveobuhvatnom, inkluzivnom i besplatnom resursnom centru za izgradnju mira i pravde, koji je namijenjen edukatorima i edukatoricama \u0161irom svijeta. Centar ima za cilj povezati bogatu muzejsku kolekciju, u kojoj se nalazi preko 6000 predmeta i svjedo\u010denja iz 18 razli\u010ditih oru\u017eanih konflikata, sa nastavnim procesima iz predmeta kao \u0161to su historija, demokratija, geografija, jezik itd, kako bismo stvorili mogu\u0107nost humanijeg i integrativnijeg pristupa mirovnom obrazovanju\u201d, objasnila je Ra\u017eanica.<\/p>\n<\/blockquote>\n\n\n\n<figure class=\"wp-block-image size-large\"><img decoding=\"async\" width=\"1024\" height=\"768\" src=\"https:\/\/warchildhood.org\/ba\/wp-content\/uploads\/2023\/12\/Centar-1024x768.jpg\" alt=\"\" class=\"wp-image-3738\" srcset=\"https:\/\/warchildhood.org\/ba\/wp-content\/uploads\/2023\/12\/Centar-1024x768.jpg 1024w, https:\/\/warchildhood.org\/ba\/wp-content\/uploads\/2023\/12\/Centar-300x225.jpg 300w, https:\/\/warchildhood.org\/ba\/wp-content\/uploads\/2023\/12\/Centar-768x576.jpg 768w, https:\/\/warchildhood.org\/ba\/wp-content\/uploads\/2023\/12\/Centar.jpg 1077w\" sizes=\"(max-width: 1024px) 100vw, 1024px\" \/><\/figure>\n\n\n\n<p>Svaki predlo\u017eeni plan osim najva\u017enijih informacija nudi definisane ciljeve i ishode, kako bi edukatori i edukatorice mogli odmah vidjeti da li materijal odgovara onom \u0161to \u017eele posti\u0107i u nastavi. Pored toga, vodljivo je koliko svaki plan aktivnosti traje, te koje je materijale potrebno koristiti na \u010dasu za njegovo sprovo\u0111enje. Novi planovi aktivnosti objavljivat \u0107e se kontinuirano, a uklju\u010divat \u0107e i sekciju pod naslovom \u201cEdukatori za edukatore\u201d sa materijalima koje razvijaju nastavnici\/e i edukatori\/e \u0161irom svijeta koriste\u0107i se kolekcijom Muzeja ratnog djetinjstva.<\/p>\n\n\n\n<blockquote class=\"wp-block-quote is-layout-flow wp-block-quote-is-layout-flow\">\n<p>Govore\u0107i o metodologijama, Ra\u017eanica je istaknula va\u017enost i prednosti u\u010denja koje se zasniva na predmetima. \u201cNajve\u0107a snaga li\u010dnih predmeta i sje\u0107anja u kontekstu historije le\u017ei u njihovoj snazi da stvore osobniju vezu izme\u0111u nekog historijskog doga\u0111aja i djece koji o njemu u\u010de sa odre\u0111ene vremenske ili fizi\u010dke distance. Za razliku od tradicionalnih, metoda u\u010denja koje se temelji na li\u010dnim predmetima i sje\u0107anjima onih koji su pre\u017eivjeli rat ili oru\u017eani konflikt, pobu\u0111uje mnogo dublje razumijevanje problema kod djece. Ona utje\u010de na njihovu izgradnju empatije, te im nudi jedno mnogo sveobuhvatnije znanje o doga\u0111ajima iz pro\u0161losti\u201d, dodala je Ra\u017eanica.<\/p>\n<\/blockquote>\n\n\n\n<p>Na kraju, Ra\u017eanica je naglasila da \u0107e se Centar za mirovnu edukaciju Muzeja ratnog djetinjstva dalje razvijati u skladu sa \u0161irenjem muzejske kolekcije, povratnim informacijama edukatora i edukatorica koji predlo\u017eene planove aktivnosti budu provodili u svojoj nastavi, te u zavisnosti od samih doga\u0111aja u svijetu.<br><br>Vi\u0161e o Centru za mirovnu edukaciju Muzeja ratnog djetinjstva saznajte <strong><a href=\"https:\/\/warchildhood.org\/ba\/centar-za-mirovnu-edukaciju\/\">OVDJE<\/a><\/strong>.\u00a0\u00a0<\/p>\n","protected":false},"excerpt":{"rendered":"<p>Merima Ra\u017eanica, koordinatorica edukativnih aktivnosti Muzeja ratnog djetinjstva, ove je nedjelje odr\u017eala webinar namijenjen edukatorima i edukatoricama \u0161irom svijeta, na temu \u201cGlasovi djece i mladih\u201d. Predavanje je odr\u017eano u sklopu&#8230;<\/p>\n","protected":false},"author":3,"featured_media":3736,"comment_status":"closed","ping_status":"closed","sticky":false,"template":"","format":"standard","meta":{"give_campaign_id":0,"_seopress_robots_primary_cat":"none","_seopress_titles_title":"","_seopress_titles_desc":"","_seopress_robots_index":"","footnotes":""},"categories":[8],"tags":[16,12,13,14],"class_list":{"0":"post-3734","1":"post","2":"type-post","3":"status-publish","4":"format-standard","5":"has-post-thumbnail","7":"category-edukacija","8":"tag-edukacija","9":"tag-mrd","10":"tag-muzej-ratnog-djetinjstva","11":"tag-obrazovanje"},"_links":{"self":[{"href":"https:\/\/warchildhood.org\/ba\/wp-json\/wp\/v2\/posts\/3734","targetHints":{"allow":["GET"]}}],"collection":[{"href":"https:\/\/warchildhood.org\/ba\/wp-json\/wp\/v2\/posts"}],"about":[{"href":"https:\/\/warchildhood.org\/ba\/wp-json\/wp\/v2\/types\/post"}],"author":[{"embeddable":true,"href":"https:\/\/warchildhood.org\/ba\/wp-json\/wp\/v2\/users\/3"}],"replies":[{"embeddable":true,"href":"https:\/\/warchildhood.org\/ba\/wp-json\/wp\/v2\/comments?post=3734"}],"version-history":[{"count":12,"href":"https:\/\/warchildhood.org\/ba\/wp-json\/wp\/v2\/posts\/3734\/revisions"}],"predecessor-version":[{"id":3751,"href":"https:\/\/warchildhood.org\/ba\/wp-json\/wp\/v2\/posts\/3734\/revisions\/3751"}],"wp:featuredmedia":[{"embeddable":true,"href":"https:\/\/warchildhood.org\/ba\/wp-json\/wp\/v2\/media\/3736"}],"wp:attachment":[{"href":"https:\/\/warchildhood.org\/ba\/wp-json\/wp\/v2\/media?parent=3734"}],"wp:term":[{"taxonomy":"category","embeddable":true,"href":"https:\/\/warchildhood.org\/ba\/wp-json\/wp\/v2\/categories?post=3734"},{"taxonomy":"post_tag","embeddable":true,"href":"https:\/\/warchildhood.org\/ba\/wp-json\/wp\/v2\/tags?post=3734"}],"curies":[{"name":"wp","href":"https:\/\/api.w.org\/{rel}","templated":true}]}}