{"id":3757,"date":"2024-01-12T12:10:50","date_gmt":"2024-01-12T11:10:50","guid":{"rendered":"https:\/\/warchildhood.org\/ba\/?p=3757"},"modified":"2024-01-12T14:30:26","modified_gmt":"2024-01-12T13:30:26","slug":"ucenici-e-iz-hrvatske-nakon-posjete-mrd-pisali-o-nasoj-stalnoj-postavci","status":"publish","type":"post","link":"https:\/\/warchildhood.org\/ba\/ucenici-e-iz-hrvatske-nakon-posjete-mrd-pisali-o-nasoj-stalnoj-postavci\/","title":{"rendered":"U\u010denici i u\u010denice iz Hrvatske nakon posjete MRD pisali o na\u0161oj stalnoj postavci"},"content":{"rendered":"\n<p>Tokom jeseni Muzej ratnog djetinjstva posjetilo je 103 u\u010denika i u\u010denica Ekonomske \u0161kole &#8220;Bra\u0107a Radi\u0107&#8221; iz hrvatskog grada \u0110akova. Njihov boravak u Sarajevu, u pratnji profesorica, realiziran je u sklopu terenske nastave o utjecajima jugoisto\u010dnog europskog kulturnog kruga na na\u0161e prostore.<\/p>\n\n\n\n<p>Nata\u0161a \u0160anti\u0107, jedna od profesorica Ekonomske \u0161kole &#8220;Bra\u0107a Radi\u0107&#8221; prethodno je sudjelovala u me\u0111unarodnom online seminaru za nastavnice i nastavnike &#8220;Djeca i rat&#8221;, koju je Muzej ratnog djetinjstva organizirao u saradnji sa fondacijom HERMES i Inicijativom mladih za ljudska prava (YIHR), te Fondacijom Anne Frank. Rije\u010d je o seminaru koji je imao za cilj predstaviti edukativne pristupe u prezentiranju tema rata i djetinjstva oslanjaju\u0107i se na materijale iz kolekcije MRD-a i Ku\u0107e Anne Frank. Otuda je i potekla inicijativa profesorice \u0160anti\u0107 da u istra\u017eiva\u010dko putovanje \u0111aka uvrsti i na\u0161 Muzej.<\/p>\n\n\n\n<p>Po povratku u \u0161kolu, u\u010denici i u\u010denice su imali priliku razgovarati o temi djetinjstva u ratu, a mnogi od njih su napisali i kratke osvrte o MRD i na\u0161oj stalnoj postavci.<br><br>Pro\u010ditajte neke od njihovih utisaka.<\/p>\n\n\n\n<figure class=\"wp-block-image size-large\"><img decoding=\"async\" width=\"1024\" height=\"768\" src=\"https:\/\/warchildhood.org\/ba\/wp-content\/uploads\/2024\/01\/3-1024x768.jpg\" alt=\"\" class=\"wp-image-3760\" srcset=\"https:\/\/warchildhood.org\/ba\/wp-content\/uploads\/2024\/01\/3-1024x768.jpg 1024w, https:\/\/warchildhood.org\/ba\/wp-content\/uploads\/2024\/01\/3-300x225.jpg 300w, https:\/\/warchildhood.org\/ba\/wp-content\/uploads\/2024\/01\/3-768x576.jpg 768w, https:\/\/warchildhood.org\/ba\/wp-content\/uploads\/2024\/01\/3-1536x1152.jpg 1536w, https:\/\/warchildhood.org\/ba\/wp-content\/uploads\/2024\/01\/3.jpg 1600w\" sizes=\"(max-width: 1024px) 100vw, 1024px\" \/><\/figure>\n\n\n\n<blockquote class=\"wp-block-quote is-layout-flow wp-block-quote-is-layout-flow\">\n<p>&#8220;Muzej mi se jako svidio jer nas u\u010di o te\u0161kim \u017eivotnim situacijama kroz koje su djeca na\u0161ih godina, pa i mla\u0111a, prolazili. Posebno mi se svidio i bio mi je zanimljiv izlog starih ambala\u017ea raznih proizvoda. Preporu\u010dujem svima da do\u0111u i osjete takvo ne\u0161to! Ako ikad budem opet u Sarajevu ponovno \u0107u posjetiti Muzej ratnog djetinjstva.&#8221;\ud83d\ude0a- Korina \u0160krlin, 3. E1<\/p>\n<\/blockquote>\n\n\n\n<figure class=\"wp-block-image size-large\"><img decoding=\"async\" width=\"1024\" height=\"768\" src=\"https:\/\/warchildhood.org\/ba\/wp-content\/uploads\/2024\/01\/7-1024x768.jpg\" alt=\"\" class=\"wp-image-3763\" srcset=\"https:\/\/warchildhood.org\/ba\/wp-content\/uploads\/2024\/01\/7-1024x768.jpg 1024w, https:\/\/warchildhood.org\/ba\/wp-content\/uploads\/2024\/01\/7-300x225.jpg 300w, https:\/\/warchildhood.org\/ba\/wp-content\/uploads\/2024\/01\/7-768x576.jpg 768w, https:\/\/warchildhood.org\/ba\/wp-content\/uploads\/2024\/01\/7-1536x1152.jpg 1536w, https:\/\/warchildhood.org\/ba\/wp-content\/uploads\/2024\/01\/7.jpg 1600w\" sizes=\"(max-width: 1024px) 100vw, 1024px\" \/><\/figure>\n\n\n\n<blockquote class=\"wp-block-quote is-layout-flow wp-block-quote-is-layout-flow\">\n<p>&#8220;Muzej ratnog djetinjstva jedan je od rijetkih muzeja koji je u meni probudio emocije. Stra\u0161no mi je zamisliti da je netko \u017eivio u takvim uvjetima. Najvi\u0161e me dodirnuo \u201cmaturski rad\u201d jedne djevojke, \u010dije je to zapravo zadnje djelo. Stra\u0161no mi je i pomisliti, budu\u0107i da sam maturant, da je netko u tim godinama zadnji puta ne\u0161to napisao.&#8221; &#8211; Marino Juki\u0107, 4. E1<\/p>\n<\/blockquote>\n\n\n\n<figure class=\"wp-block-image size-large\"><img decoding=\"async\" width=\"1600\" height=\"1200\" src=\"https:\/\/warchildhood.org\/ba\/wp-content\/uploads\/2024\/01\/8-1024x768.jpg\" alt=\"\" class=\"wp-image-3764\" srcset=\"https:\/\/warchildhood.org\/ba\/wp-content\/uploads\/2024\/01\/8-1024x768.jpg 1024w, https:\/\/warchildhood.org\/ba\/wp-content\/uploads\/2024\/01\/8-300x225.jpg 300w, https:\/\/warchildhood.org\/ba\/wp-content\/uploads\/2024\/01\/8-768x576.jpg 768w, https:\/\/warchildhood.org\/ba\/wp-content\/uploads\/2024\/01\/8-1536x1152.jpg 1536w, https:\/\/warchildhood.org\/ba\/wp-content\/uploads\/2024\/01\/8.jpg 1600w\" sizes=\"(max-width: 1600px) 100vw, 1600px\" \/><\/figure>\n\n\n\n<blockquote class=\"wp-block-quote is-layout-flow wp-block-quote-is-layout-flow\">\n<p>&#8220;Posjet Muzeju ratnog djetinjstva u Sarajevu u mojoj je knjizi veliki plus. Ozra\u010dje i neispri\u010dane pri\u010de koje stoje iza predmeta izlo\u017eenih u muzeju do\u010daravaju ratno zati\u0161je koje su ti ljudi i djeca pro\u017eivljavali kroz to te\u0161ko doba. Definitivna preporuka bilo kome za posjetu muzeja, ljubazno i iskusno osoblje, tematika i posebno autenti\u010dnost \u010dine ovaj muzej odgovorom na pitanje \u0161to posjetiti u Sarajevu.&#8221; &#8211; Domagoj \u0160anti\u0107, 4. E2<\/p>\n<\/blockquote>\n\n\n\n<figure class=\"wp-block-image size-large\"><img decoding=\"async\" width=\"1024\" height=\"768\" src=\"https:\/\/warchildhood.org\/ba\/wp-content\/uploads\/2024\/01\/6-1024x768.jpg\" alt=\"\" class=\"wp-image-3762\" srcset=\"https:\/\/warchildhood.org\/ba\/wp-content\/uploads\/2024\/01\/6-1024x768.jpg 1024w, https:\/\/warchildhood.org\/ba\/wp-content\/uploads\/2024\/01\/6-300x225.jpg 300w, https:\/\/warchildhood.org\/ba\/wp-content\/uploads\/2024\/01\/6-768x576.jpg 768w, https:\/\/warchildhood.org\/ba\/wp-content\/uploads\/2024\/01\/6-1536x1152.jpg 1536w, https:\/\/warchildhood.org\/ba\/wp-content\/uploads\/2024\/01\/6.jpg 1600w\" sizes=\"(max-width: 1024px) 100vw, 1024px\" \/><\/figure>\n\n\n\n<blockquote class=\"wp-block-quote is-layout-flow wp-block-quote-is-layout-flow\">\n<p>&#8220;Muzej ratnog djetinjstva mi se jako svidio ba\u0161 zbog svojih pri\u010da koje nisu monotone i bazirane na tu\u017enim pri\u010dama. Muzej sadr\u017ei duge, tu\u017ene, tragedijske, herojske i radosne pri\u010de. Prikazuje nam i predmete koji su bazirani na pri\u010di uz koje dobijemo dodatnu motivaciju pro\u010ditati kroz \u0161ta je sve pro\u0161ao taj predmet skupa s osobom.&#8221; &#8211; Tara Habada, 3. E1<\/p>\n<\/blockquote>\n\n\n\n<figure class=\"wp-block-image size-large\"><img decoding=\"async\" width=\"1024\" height=\"768\" src=\"https:\/\/warchildhood.org\/ba\/wp-content\/uploads\/2024\/01\/5-1024x768.jpg\" alt=\"\" class=\"wp-image-3761\" srcset=\"https:\/\/warchildhood.org\/ba\/wp-content\/uploads\/2024\/01\/5-1024x768.jpg 1024w, https:\/\/warchildhood.org\/ba\/wp-content\/uploads\/2024\/01\/5-300x225.jpg 300w, https:\/\/warchildhood.org\/ba\/wp-content\/uploads\/2024\/01\/5-768x576.jpg 768w, https:\/\/warchildhood.org\/ba\/wp-content\/uploads\/2024\/01\/5-1536x1152.jpg 1536w, https:\/\/warchildhood.org\/ba\/wp-content\/uploads\/2024\/01\/5.jpg 1600w\" sizes=\"(max-width: 1024px) 100vw, 1024px\" \/><\/figure>\n\n\n\n<blockquote class=\"wp-block-quote is-layout-flow wp-block-quote-is-layout-flow\">\n<p>&#8220;Muzej mi se jako svi\u0111a jer nije kao svi ostali muzeji nego je \u010dudesan. Kada se u\u0111e u muzej, osjeti se taj neki osje\u0107aj boli, tuge pa \u010dak kad vidi\u0161 sve te stvari osjeti se sre\u0107a koja je nestala.&#8221; &#8211; Kristina Birki\u0107, 3. E1<\/p>\n<\/blockquote>\n\n\n\n<figure class=\"wp-block-image size-large\"><img decoding=\"async\" width=\"1024\" height=\"768\" src=\"https:\/\/warchildhood.org\/ba\/wp-content\/uploads\/2024\/01\/9-1024x768.jpg\" alt=\"\" class=\"wp-image-3765\" srcset=\"https:\/\/warchildhood.org\/ba\/wp-content\/uploads\/2024\/01\/9-1024x768.jpg 1024w, https:\/\/warchildhood.org\/ba\/wp-content\/uploads\/2024\/01\/9-300x225.jpg 300w, https:\/\/warchildhood.org\/ba\/wp-content\/uploads\/2024\/01\/9-768x576.jpg 768w, https:\/\/warchildhood.org\/ba\/wp-content\/uploads\/2024\/01\/9-1536x1152.jpg 1536w, https:\/\/warchildhood.org\/ba\/wp-content\/uploads\/2024\/01\/9.jpg 1600w\" sizes=\"(max-width: 1024px) 100vw, 1024px\" \/><\/figure>\n\n\n\n<blockquote class=\"wp-block-quote is-layout-flow wp-block-quote-is-layout-flow\">\n<p>&#8220;Nikad nisam mislila da takav muzej postoji niti da je bilo rata u Sarajevu. Muzej je predivno ure\u0111en i nosi emotivnu pri\u010du. Svidio mi se na\u010din na koji su opisani osje\u0107aji i slike djetinjstva djece u ratu. Jako me potreslo to \u0161to su ta djeca sve to pro\u017eivjela u strahu i nisu mogli \u017eivjeti slobodno. Sukobi se ne trebaju doga\u0111ati! Za sve se mo\u017ee prona\u0107i rje\u0161enje. Ne dozvolimo da se takvo ne\u0161to ponovi. Ne dozvolimo da djeca nemaju priliku \u017eivjeti u sre\u0107i, miru i igri kakvu \u017eele. Svi na to imaju pravo. Stvarajmo sigurniju budu\u0107nost.&#8221; &#8211; Paulina Miki\u0107, 2. E<\/p>\n<\/blockquote>\n","protected":false},"excerpt":{"rendered":"<p>Tokom jeseni Muzej ratnog djetinjstva posjetilo je 103 u\u010denika i u\u010denica Ekonomske \u0161kole &#8220;Bra\u0107a Radi\u0107&#8221; iz hrvatskog grada \u0110akova. Njihov boravak u Sarajevu, u pratnji profesorica, realiziran je u sklopu&#8230;<\/p>\n","protected":false},"author":3,"featured_media":3766,"comment_status":"closed","ping_status":"closed","sticky":false,"template":"","format":"standard","meta":{"give_campaign_id":0,"_seopress_robots_primary_cat":"none","_seopress_titles_title":"","_seopress_titles_desc":"","_seopress_robots_index":"","footnotes":""},"categories":[8],"tags":[12,13,14],"class_list":{"0":"post-3757","1":"post","2":"type-post","3":"status-publish","4":"format-standard","5":"has-post-thumbnail","7":"category-edukacija","8":"tag-mrd","9":"tag-muzej-ratnog-djetinjstva","10":"tag-obrazovanje"},"_links":{"self":[{"href":"https:\/\/warchildhood.org\/ba\/wp-json\/wp\/v2\/posts\/3757","targetHints":{"allow":["GET"]}}],"collection":[{"href":"https:\/\/warchildhood.org\/ba\/wp-json\/wp\/v2\/posts"}],"about":[{"href":"https:\/\/warchildhood.org\/ba\/wp-json\/wp\/v2\/types\/post"}],"author":[{"embeddable":true,"href":"https:\/\/warchildhood.org\/ba\/wp-json\/wp\/v2\/users\/3"}],"replies":[{"embeddable":true,"href":"https:\/\/warchildhood.org\/ba\/wp-json\/wp\/v2\/comments?post=3757"}],"version-history":[{"count":12,"href":"https:\/\/warchildhood.org\/ba\/wp-json\/wp\/v2\/posts\/3757\/revisions"}],"predecessor-version":[{"id":3783,"href":"https:\/\/warchildhood.org\/ba\/wp-json\/wp\/v2\/posts\/3757\/revisions\/3783"}],"wp:featuredmedia":[{"embeddable":true,"href":"https:\/\/warchildhood.org\/ba\/wp-json\/wp\/v2\/media\/3766"}],"wp:attachment":[{"href":"https:\/\/warchildhood.org\/ba\/wp-json\/wp\/v2\/media?parent=3757"}],"wp:term":[{"taxonomy":"category","embeddable":true,"href":"https:\/\/warchildhood.org\/ba\/wp-json\/wp\/v2\/categories?post=3757"},{"taxonomy":"post_tag","embeddable":true,"href":"https:\/\/warchildhood.org\/ba\/wp-json\/wp\/v2\/tags?post=3757"}],"curies":[{"name":"wp","href":"https:\/\/api.w.org\/{rel}","templated":true}]}}