{"id":3965,"date":"2024-03-21T11:13:08","date_gmt":"2024-03-21T10:13:08","guid":{"rendered":"https:\/\/warchildhood.org\/ba\/?p=3965"},"modified":"2024-03-25T11:36:06","modified_gmt":"2024-03-25T10:36:06","slug":"nove-radionice-za-djecu-i-mlade","status":"publish","type":"post","link":"https:\/\/warchildhood.org\/ba\/nove-radionice-za-djecu-i-mlade\/","title":{"rendered":"Nove radionice MRD-a: Od Adele Behr do umjetne inteligencije"},"content":{"rendered":"<p><strong>Muzej ratnog djetinjstva je tokom ro\u0111endanske sedmice, u saradnji sa lutkarom Sabitom Agi\u0107em, knji\u017eevnicom Lamijom Begagi\u0107 i vizuelnom umjetnicom Majdom Turki\u0107, realizovao tri nove edukativno-kreativne radionice za djecu i mlade, bazirane na eksponatima iz kolekcije MRD-a.<\/strong><\/p>\n<h2>Va\u017enost igra\u010daka tokom odrastanja u ratu<\/h2>\n<p>Prva od njih, radionica teatra sjenki \u201cAvanture sa plavim zekom\u201d namijenjena je djevoj\u010dicama i dje\u010dacima uzrasta od 8 do 11 godina. Nju je u saradnji sa muzejskim edukatoricama osmislio i vodio lutkar Sabit Agi\u0107. Radionica je bazirana na jednom od eksponata Muzeja ratnog djetinjstva koji svjedo\u010di o va\u017enosti igra\u010daka za djecu tokom odrastanja u ratu.<\/p>\n<p>Prema rije\u010dima Agi\u0107a, radionicu su \u010dinile dvije grupe djece. Jedna grupa je u\u010destovala u pravljenju silueta, uvje\u017ebavanju animacija i scenskog pokreta, dok je druga, u kojoj su u\u010destovale i u\u010denice Centar za slijepu i slabovidnu djecu i omladinu, bila zadu\u017eena za naraciju u predstavi.<\/p>\n[vc_row type=&#8221;in_container&#8221; full_screen_row_position=&#8221;middle&#8221; column_margin=&#8221;default&#8221; column_direction=&#8221;default&#8221; column_direction_tablet=&#8221;default&#8221; column_direction_phone=&#8221;default&#8221; scene_position=&#8221;center&#8221; text_color=&#8221;dark&#8221; text_align=&#8221;left&#8221; row_border_radius=&#8221;none&#8221; row_border_radius_applies=&#8221;bg&#8221; overlay_strength=&#8221;0.3&#8243; gradient_direction=&#8221;left_to_right&#8221; shape_divider_position=&#8221;bottom&#8221; bg_image_animation=&#8221;none&#8221;][vc_column column_padding=&#8221;no-extra-padding&#8221; column_padding_tablet=&#8221;inherit&#8221; column_padding_phone=&#8221;inherit&#8221; column_padding_position=&#8221;all&#8221; column_element_spacing=&#8221;default&#8221; background_color_opacity=&#8221;1&#8243; background_hover_color_opacity=&#8221;1&#8243; column_shadow=&#8221;none&#8221; column_border_radius=&#8221;none&#8221; column_link_target=&#8221;_self&#8221; gradient_direction=&#8221;left_to_right&#8221; overlay_strength=&#8221;0.3&#8243; width=&#8221;1\/1&#8243; tablet_width_inherit=&#8221;default&#8221; tablet_text_alignment=&#8221;default&#8221; phone_text_alignment=&#8221;default&#8221; bg_image_animation=&#8221;none&#8221; border_type=&#8221;simple&#8221; column_border_width=&#8221;none&#8221; column_border_style=&#8221;solid&#8221;][vc_gallery type=&#8221;flexslider_style&#8221; images=&#8221;3928,3929,3930,3931,3932,3933,3934,3935,3936,3937,3938,3939,3940,3941,3942&#8243; onclick=&#8221;link_no&#8221; img_size=&#8221;770&#215;515&#8243;][\/vc_column][\/vc_row]\n<blockquote><p>\u201cObje grupe su trebale uskladiti svoj rad i sve je trebalo biti prezentirano publici kao pri\u010da u teatru sjenki. Za manje od sat i 15 minuta uspjeli smo napraviti lutke, pripremiti pri\u010du i odr\u017eati malu lutkarsku predstavu. Svaki u\u010desnik je bio maksimalno anga\u017eovan i motiviran, a cijelim tokom aktivnosti osje\u0107ao se pozitivni duh ekipe koja me\u0111usobno sara\u0111uje sa zajedni\u010dkim ciljem da predstava o jednom plavom zecu koji je ispunio ro\u0111endansku \u017eelju svojoj vlasnici, bude \u0161to bolja\u201d, istaknuo je Agi\u0107.<\/p><\/blockquote>\n<h2>Od Adele Behr do danas<\/h2>\n<p>Djevoj\u010dice uzrasta od 11 do 13 godina, imala su priliku u\u010destovati u radionici rodne ravnopravnosti \u201c\u017dene BiH u \u0161etnji kroz Muzej\u201d, koju je vodila knji\u017eevnica i urednica knjige \u201c\u017dene BiH za djecu\u201d, Lamija Begagi\u0107. One su s pa\u017enjom slu\u0161ale pri\u010du o slikarki i grafi\u010darki Adeli Behr, te brojnim preprekama i izazovima s kojima se ona kao prva \u0161kolovana bh. umjetnica suo\u010davala po\u010detkom pro\u0161log stolje\u0107a. Djevoj\u010dice su, prema rije\u010dima Lamije Begagi\u0107, postavljale britka i zanimljiva pitanje, te razgovarale o svojim iskustvima iz \u0161kole i porodice.<\/p>\n[vc_row type=&#8221;in_container&#8221; full_screen_row_position=&#8221;middle&#8221; column_margin=&#8221;default&#8221; column_direction=&#8221;default&#8221; column_direction_tablet=&#8221;default&#8221; column_direction_phone=&#8221;default&#8221; scene_position=&#8221;center&#8221; text_color=&#8221;dark&#8221; text_align=&#8221;left&#8221; row_border_radius=&#8221;none&#8221; row_border_radius_applies=&#8221;bg&#8221; overlay_strength=&#8221;0.3&#8243; gradient_direction=&#8221;left_to_right&#8221; shape_divider_position=&#8221;bottom&#8221; bg_image_animation=&#8221;none&#8221;][vc_column column_padding=&#8221;no-extra-padding&#8221; column_padding_tablet=&#8221;inherit&#8221; column_padding_phone=&#8221;inherit&#8221; column_padding_position=&#8221;all&#8221; column_element_spacing=&#8221;default&#8221; background_color_opacity=&#8221;1&#8243; background_hover_color_opacity=&#8221;1&#8243; column_shadow=&#8221;none&#8221; column_border_radius=&#8221;none&#8221; column_link_target=&#8221;_self&#8221; gradient_direction=&#8221;left_to_right&#8221; overlay_strength=&#8221;0.3&#8243; width=&#8221;1\/1&#8243; tablet_width_inherit=&#8221;default&#8221; tablet_text_alignment=&#8221;default&#8221; phone_text_alignment=&#8221;default&#8221; bg_image_animation=&#8221;none&#8221; border_type=&#8221;simple&#8221; column_border_width=&#8221;none&#8221; column_border_style=&#8221;solid&#8221;][vc_gallery type=&#8221;flexslider_style&#8221; images=&#8221;3952,3953,3954,3955,3956,3957,3958,3959,3960,3961,3962,3963,3964&#8243; onclick=&#8221;link_no&#8221; img_size=&#8221;770&#215;515&#8243;][\/vc_column][\/vc_row]\n<blockquote><p>\u201cKroz razgovor smo poredile \u017eivot \u017eena i djevoj\u010dica nekada davno i danas, u ratu i u miru, ovdje i u drugim dijelovima svijeta. Sjajno su reagirale i na muzejske postavke koje smo uklju\u010dili u radionicu, te izradili odli\u010dne radove koriste\u0107i se razli\u010ditim materijalima tako da su kreirali i vlastitu mini feministi\u010dku izlo\u017ebu. U\u010de\u0161\u0107e djevoj\u010dica iz Centra za slijepu i slabovidnu djecu jo\u0161 je vi\u0161e obogatilo radionicu jer smo imale priliku uklju\u010diti ih u zajedni\u010dki rad ali i vide\u0107im djevoj\u010dicama pru\u017eiti priliku da naprave taktilne radove i malo svijet gledaju dodirom i prstima\u201d, naglasila je Begagi\u0107.<\/p><\/blockquote>\n<h2>AI kao alat za \u010duvanje sje\u0107anja<\/h2>\n<p>Na kraju, ro\u0111endansku sedmicu smo obilje\u017eili i radionicom fotografije i umjetne inteligencije \u201cU potrazi za sje\u0107anjima\u201d, koju je za mlade uzrasta od 14 do 18 godina, vodila vizuelna umjetnica i fotografkinja Majda Turki\u0107. U\u010desnici i u\u010desnice radionice imali su priliku fotografisati predmete iz na\u0161e stalne postavke, te ih uz pomo\u0107 programa umjetne inteligencije DreamLikeArt smjestiti u alternativni prostor koji su sami kreirali.<\/p>\n<p>Voditeljica radionice, Majda Turki\u0107, istaknula je vrlo pozitivnu atmosferu i neposrednu komunikaciju tokom radionice. \u201cU\u010desnici i u\u010desnice su bez ustezanja postavljali nova pitanja koja su odmicala iz okvira predavanja, te su zbog toga radionicu u\u010dinili sadr\u017eajnijom i inspirativnijom i za mene, kao predava\u010dicu\u201d, naglasila je Turki\u0107, te dodala da je cijela grupa pri\u0161la vrlo odgovorno i savjesno postavljenim zadacima.<\/p>\n[vc_row type=&#8221;in_container&#8221; full_screen_row_position=&#8221;middle&#8221; column_margin=&#8221;default&#8221; column_direction=&#8221;default&#8221; column_direction_tablet=&#8221;default&#8221; column_direction_phone=&#8221;default&#8221; scene_position=&#8221;center&#8221; text_color=&#8221;dark&#8221; text_align=&#8221;left&#8221; row_border_radius=&#8221;none&#8221; row_border_radius_applies=&#8221;bg&#8221; overlay_strength=&#8221;0.3&#8243; gradient_direction=&#8221;left_to_right&#8221; shape_divider_position=&#8221;bottom&#8221; bg_image_animation=&#8221;none&#8221;][vc_column column_padding=&#8221;no-extra-padding&#8221; column_padding_tablet=&#8221;inherit&#8221; column_padding_phone=&#8221;inherit&#8221; column_padding_position=&#8221;all&#8221; column_element_spacing=&#8221;default&#8221; background_color_opacity=&#8221;1&#8243; background_hover_color_opacity=&#8221;1&#8243; column_shadow=&#8221;none&#8221; column_border_radius=&#8221;none&#8221; column_link_target=&#8221;_self&#8221; gradient_direction=&#8221;left_to_right&#8221; overlay_strength=&#8221;0.3&#8243; width=&#8221;1\/1&#8243; tablet_width_inherit=&#8221;default&#8221; tablet_text_alignment=&#8221;default&#8221; phone_text_alignment=&#8221;default&#8221; bg_image_animation=&#8221;none&#8221; border_type=&#8221;simple&#8221; column_border_width=&#8221;none&#8221; column_border_style=&#8221;solid&#8221;][vc_gallery type=&#8221;flexslider_style&#8221; images=&#8221;3943,3944,3945,3946,3947,3948,3949,3950,3951&#8243; onclick=&#8221;link_no&#8221; img_size=&#8221;770&#215;515&#8243;][\/vc_column][\/vc_row]\n<blockquote><p>\u201cVjerujem da se mnogima u\u010dinilo vrlo zabavnim da uz pomo\u0107 ma\u0161te na AI platformi DreamLikeArt mogu u\u010diniti bilo \u0161to, ali moram ista\u0107i da su svi ipak bili svijesni da su ti predmeti koji se danas \u010duvaju u muzeju, nekada nekome bili duhovno va\u017eni i stoga su ih po\u0161tovanjem smje\u0161tali u drugu stvarnost, daju\u0107i im novu \u017eivotnost\u201d, zaklju\u010dila je Turki\u0107.<\/p><\/blockquote>\n","protected":false},"excerpt":{"rendered":"<p>Muzej ratnog djetinjstva je tokom ro\u0111endanske sedmice, u saradnji sa lutkarom Sabitom Agi\u0107em, knji\u017eevnicom Lamijom Begagi\u0107 i vizuelnom umjetnicom Majdom Turki\u0107, realizovao tri nove edukativno-kreativne radionice za djecu i mlade,&#8230;<\/p>\n","protected":false},"author":3,"featured_media":3964,"comment_status":"closed","ping_status":"closed","sticky":false,"template":"","format":"standard","meta":{"give_campaign_id":0,"_seopress_robots_primary_cat":"none","_seopress_titles_title":"Nove edukativne radionice za djecu i mlade | %%sitetitle%%","_seopress_titles_desc":"Muzej ratnog djetinjstva je tokom ro\u0111endanske sedmice realizovao tri nove edukativno-kreativne radionice za djecu i mlade, bazirane na eksponatima iz kolekcije MRD-a.","_seopress_robots_index":"","footnotes":""},"categories":[8],"tags":[33,34,13],"class_list":{"0":"post-3965","1":"post","2":"type-post","3":"status-publish","4":"format-standard","5":"has-post-thumbnail","7":"category-edukacija","8":"tag-edukativne-radionice","9":"tag-kreativne-radionice","10":"tag-muzej-ratnog-djetinjstva"},"_links":{"self":[{"href":"https:\/\/warchildhood.org\/ba\/wp-json\/wp\/v2\/posts\/3965","targetHints":{"allow":["GET"]}}],"collection":[{"href":"https:\/\/warchildhood.org\/ba\/wp-json\/wp\/v2\/posts"}],"about":[{"href":"https:\/\/warchildhood.org\/ba\/wp-json\/wp\/v2\/types\/post"}],"author":[{"embeddable":true,"href":"https:\/\/warchildhood.org\/ba\/wp-json\/wp\/v2\/users\/3"}],"replies":[{"embeddable":true,"href":"https:\/\/warchildhood.org\/ba\/wp-json\/wp\/v2\/comments?post=3965"}],"version-history":[{"count":6,"href":"https:\/\/warchildhood.org\/ba\/wp-json\/wp\/v2\/posts\/3965\/revisions"}],"predecessor-version":[{"id":3995,"href":"https:\/\/warchildhood.org\/ba\/wp-json\/wp\/v2\/posts\/3965\/revisions\/3995"}],"wp:featuredmedia":[{"embeddable":true,"href":"https:\/\/warchildhood.org\/ba\/wp-json\/wp\/v2\/media\/3964"}],"wp:attachment":[{"href":"https:\/\/warchildhood.org\/ba\/wp-json\/wp\/v2\/media?parent=3965"}],"wp:term":[{"taxonomy":"category","embeddable":true,"href":"https:\/\/warchildhood.org\/ba\/wp-json\/wp\/v2\/categories?post=3965"},{"taxonomy":"post_tag","embeddable":true,"href":"https:\/\/warchildhood.org\/ba\/wp-json\/wp\/v2\/tags?post=3965"}],"curies":[{"name":"wp","href":"https:\/\/api.w.org\/{rel}","templated":true}]}}