{"id":4088,"date":"2024-04-25T13:19:35","date_gmt":"2024-04-25T11:19:35","guid":{"rendered":"https:\/\/warchildhood.org\/ba\/?p=4088"},"modified":"2024-04-25T13:38:38","modified_gmt":"2024-04-25T11:38:38","slug":"u-mrd-u-smo-obiljezili-dan-planete-zemlje","status":"publish","type":"post","link":"https:\/\/warchildhood.org\/ba\/u-mrd-u-smo-obiljezili-dan-planete-zemlje\/","title":{"rendered":"U MRD-u smo obilje\u017eili Dan planete Zemlje"},"content":{"rendered":"<p><b>Povodom Dana planete Zemlje, 22. aprila, u Muzeju ratnog djetinjstva smo organizovali lutkarsku radionicu \u201cPri\u010da o jednom pajacu\u201d. Rije\u010d je o kreativnoj radionici za djecu uzrasta od 8 do 10 godina, koju je zajedno sa na\u0161im edukatoricama osmislio i realizovao muzejski saradnik, u\u010ditelj i lutkar, Sabit Agi\u0107.<\/b><\/p>\n<p><span style=\"font-weight: 300;\"><img decoding=\"async\" class=\"alignnone wp-image-4099 size-large\" src=\"https:\/\/warchildhood.org\/ba\/wp-content\/uploads\/2024\/04\/RadionicaArtboard-1_2-1024x1024.jpg\" alt=\"Kreativna radionica\" width=\"1024\" height=\"1024\" srcset=\"https:\/\/warchildhood.org\/ba\/wp-content\/uploads\/2024\/04\/RadionicaArtboard-1_2-1024x1024.jpg 1024w, https:\/\/warchildhood.org\/ba\/wp-content\/uploads\/2024\/04\/RadionicaArtboard-1_2-300x300.jpg 300w, https:\/\/warchildhood.org\/ba\/wp-content\/uploads\/2024\/04\/RadionicaArtboard-1_2-150x150.jpg 150w, https:\/\/warchildhood.org\/ba\/wp-content\/uploads\/2024\/04\/RadionicaArtboard-1_2-768x768.jpg 768w, https:\/\/warchildhood.org\/ba\/wp-content\/uploads\/2024\/04\/RadionicaArtboard-1_2-1536x1536.jpg 1536w, https:\/\/warchildhood.org\/ba\/wp-content\/uploads\/2024\/04\/RadionicaArtboard-1_2-2048x2048.jpg 2048w, https:\/\/warchildhood.org\/ba\/wp-content\/uploads\/2024\/04\/RadionicaArtboard-1_2-100x100.jpg 100w, https:\/\/warchildhood.org\/ba\/wp-content\/uploads\/2024\/04\/RadionicaArtboard-1_2-140x140.jpg 140w, https:\/\/warchildhood.org\/ba\/wp-content\/uploads\/2024\/04\/RadionicaArtboard-1_2-500x500.jpg 500w, https:\/\/warchildhood.org\/ba\/wp-content\/uploads\/2024\/04\/RadionicaArtboard-1_2-350x350.jpg 350w, https:\/\/warchildhood.org\/ba\/wp-content\/uploads\/2024\/04\/RadionicaArtboard-1_2-1000x1000.jpg 1000w, https:\/\/warchildhood.org\/ba\/wp-content\/uploads\/2024\/04\/RadionicaArtboard-1_2-800x800.jpg 800w\" sizes=\"(max-width: 1024px) 100vw, 1024px\" \/><\/span><\/p>\n<p><span style=\"font-weight: 300;\">Vode\u0107i se vlastitom misijom i vizijom, MRD nastoji kroz kreativne i edukativne radionice sa djecom i mladima doprinijeti lokalnoj zajednici, ne samo \u010duvaju\u0107i uspomene na pro\u0161lost, ve\u0107 djeluju\u0107i u smjeru osvje\u0161tavanja i senzibiliziranja mladih nara\u0161taja o izazovima s kojima se suo\u010davaju tokom vlastitog odrastanja.\u00a0<\/span><\/p>\n<p><span style=\"font-weight: 300;\">Kako je mogu\u0107e da lekcije iz pro\u0161losti nude odgovore na savremene probleme, upravo dokazuje pomenuta radionica, bazirana na muzejskom eksponatu, kojeg nam je povjerila Alma, a uz kojeg se vezuje njena li\u010dna pri\u010da iz perioda opsade Sarajeva, kada je bila \u010detrnaestogodi\u0161nja djevoj\u010dica.\u00a0<\/span><\/p>\n<h3><img decoding=\"async\" class=\"alignnone wp-image-4091 size-large\" src=\"https:\/\/warchildhood.org\/ba\/wp-content\/uploads\/2024\/04\/pajac-1024x768.jpg\" alt=\"\" width=\"1024\" height=\"768\" srcset=\"https:\/\/warchildhood.org\/ba\/wp-content\/uploads\/2024\/04\/pajac-1024x768.jpg 1024w, https:\/\/warchildhood.org\/ba\/wp-content\/uploads\/2024\/04\/pajac-300x225.jpg 300w, https:\/\/warchildhood.org\/ba\/wp-content\/uploads\/2024\/04\/pajac-768x576.jpg 768w, https:\/\/warchildhood.org\/ba\/wp-content\/uploads\/2024\/04\/pajac-1536x1152.jpg 1536w, https:\/\/warchildhood.org\/ba\/wp-content\/uploads\/2024\/04\/pajac.jpg 1600w\" sizes=\"(max-width: 1024px) 100vw, 1024px\" \/><\/h3>\n<h3>Krpeni pajac<\/h3>\n<p><span style=\"font-weight: 300;\">Po\u010detak rata sam do\u010dekala u sedmom razredu osnovne \u0161kole na Ilid\u017ei. Taj period mi je kao trinaestogodi\u0161njakinji ostao posebno urezan u sje\u0107anju. Vrlo brzo smo postali svjesni opasnosti u kojoj se nalazimo. U potrazi za bijegom nam je pomogao mamin kolega s posla. Pobjegli smo toliko iznenadno da je na stolu ostao ru\u010dak i sve \u0161to smo imali. Sa sobom smo ponijeli tek ne\u0161to hrane.<\/span><\/p>\n<p><span style=\"font-weight: 300;\">Ostavila sam svoje uspomene, prijatelje, prve simpatije, igre \u2013 sve je odjednom prosto nestalo! S Ilid\u017ee, koja je bila prekrasno mjesto za odrastanje, prepuno prirode, preselili smo se u drugi dio grada, gdje nas je do\u010dekala ogromna betonska zgrada bez struje, vode, bez ba\u0161te, i u kojoj je sve izgledalo isto\u2026<\/span><\/p>\n<p><span style=\"font-weight: 300;\">U nedostatku li\u010dnih stvari i uspomena, s mamom je kreiran ovaj krpeni pajac, \u010disto kako bi dodao malo boje tom sivilu i uljep\u0161ao ratne dane.\u201d\u00a0<\/span><\/p>\n<p><strong><i>Alma, r. 1978.<\/i><\/strong><\/p>\n<p><strong><img decoding=\"async\" class=\"alignnone wp-image-4098 size-large\" src=\"https:\/\/warchildhood.org\/ba\/wp-content\/uploads\/2024\/04\/RadionicaArtboard-1_3-1024x1024.jpg\" alt=\"Kreativna radionica\" width=\"1024\" height=\"1024\" srcset=\"https:\/\/warchildhood.org\/ba\/wp-content\/uploads\/2024\/04\/RadionicaArtboard-1_3-1024x1024.jpg 1024w, https:\/\/warchildhood.org\/ba\/wp-content\/uploads\/2024\/04\/RadionicaArtboard-1_3-300x300.jpg 300w, https:\/\/warchildhood.org\/ba\/wp-content\/uploads\/2024\/04\/RadionicaArtboard-1_3-150x150.jpg 150w, https:\/\/warchildhood.org\/ba\/wp-content\/uploads\/2024\/04\/RadionicaArtboard-1_3-768x768.jpg 768w, https:\/\/warchildhood.org\/ba\/wp-content\/uploads\/2024\/04\/RadionicaArtboard-1_3-1536x1536.jpg 1536w, https:\/\/warchildhood.org\/ba\/wp-content\/uploads\/2024\/04\/RadionicaArtboard-1_3-2048x2048.jpg 2048w, https:\/\/warchildhood.org\/ba\/wp-content\/uploads\/2024\/04\/RadionicaArtboard-1_3-100x100.jpg 100w, https:\/\/warchildhood.org\/ba\/wp-content\/uploads\/2024\/04\/RadionicaArtboard-1_3-140x140.jpg 140w, https:\/\/warchildhood.org\/ba\/wp-content\/uploads\/2024\/04\/RadionicaArtboard-1_3-500x500.jpg 500w, https:\/\/warchildhood.org\/ba\/wp-content\/uploads\/2024\/04\/RadionicaArtboard-1_3-350x350.jpg 350w, https:\/\/warchildhood.org\/ba\/wp-content\/uploads\/2024\/04\/RadionicaArtboard-1_3-1000x1000.jpg 1000w, https:\/\/warchildhood.org\/ba\/wp-content\/uploads\/2024\/04\/RadionicaArtboard-1_3-800x800.jpg 800w\" sizes=\"(max-width: 1024px) 100vw, 1024px\" \/><\/strong><\/p>\n<h3>U\u010denje kroz igru i smijeh<\/h3>\n<p><span style=\"font-weight: 300;\">Pri\u010da &#8220;Krpeni pajac&#8221; koja svjedo\u010di o kreativnosti, ali i dje\u010dijoj snazi i otpornosti tokom rata, poslu\u017eila je na\u0161im edukatoricama kao osnova za osmi\u0161ljavanje radionice u kojoj bi se djeci, osim va\u017ene lekcije o ugro\u017eenosti na\u0161e planete, prenijela poruka da i oni mogu doprinijeti pobolj\u0161anju kvalitete na\u0161e \u017eivotne sredine. Tako je pajac iz Almine pri\u010de, pozvao djecu da naprave sli\u010dne lutke od recikliranih materijala, te da ih predstave publici u predstavi koja govori o va\u017enosti o\u010duvanja planete Zemlje svakoga dana.\u00a0<\/span><\/p>\n<p><img decoding=\"async\" class=\"alignnone wp-image-4100 size-large\" src=\"https:\/\/warchildhood.org\/ba\/wp-content\/uploads\/2024\/04\/20240422_185002-1024x768.jpg\" alt=\"\" width=\"1024\" height=\"768\" srcset=\"https:\/\/warchildhood.org\/ba\/wp-content\/uploads\/2024\/04\/20240422_185002-1024x768.jpg 1024w, https:\/\/warchildhood.org\/ba\/wp-content\/uploads\/2024\/04\/20240422_185002-300x225.jpg 300w, https:\/\/warchildhood.org\/ba\/wp-content\/uploads\/2024\/04\/20240422_185002-768x576.jpg 768w, https:\/\/warchildhood.org\/ba\/wp-content\/uploads\/2024\/04\/20240422_185002-1536x1152.jpg 1536w, https:\/\/warchildhood.org\/ba\/wp-content\/uploads\/2024\/04\/20240422_185002-2048x1536.jpg 2048w\" sizes=\"(max-width: 1024px) 100vw, 1024px\" \/><\/p>\n<p><span style=\"font-size: 16px;\">O tome kako su se zabavili na radionici, jedna od u\u010desnica nam je rekla: <\/span><\/p>\n<blockquote><p><span style=\"font-size: 16px;\">Danas smo uradili ne\u0161to dobro od ovih stvari koje bi ina\u010de zavr\u0161ile u sme\u0107u, a to bi moglo uni\u0161titi planetu Zemlju. Zato smo mi napravili ove lutke i predstavu.\u00a0 <\/span><\/p><\/blockquote>\n<p><span style=\"font-size: 16px;\">Na kraju je svako dijete ponijelo sa sobom svoju lutku, koja \u0107e ga dalje sje\u0107ati na odgovornost koju svi imamo prema na\u0161oj planeti, ali i na jedno lijepo poslijepodne provedeno u igri i smijehu u Muzeju ratnog djetinjstva.<\/span><\/p>\n","protected":false},"excerpt":{"rendered":"<p>Povodom Dana planete Zemlje, 22. aprila, u Muzeju ratnog djetinjstva smo organizovali lutkarsku radionicu \u201cPri\u010da o jednom pajacu\u201d. Rije\u010d je o kreativnoj radionici za djecu uzrasta od 8 do 10&#8230;<\/p>\n","protected":false},"author":3,"featured_media":4100,"comment_status":"closed","ping_status":"closed","sticky":false,"template":"","format":"standard","meta":{"give_campaign_id":0,"_seopress_robots_primary_cat":"none","_seopress_titles_title":"U Muzeju ratnog djetinjstva obilje\u017een Dan planete Zemlje","_seopress_titles_desc":"Povodom Dana planete Zemlje, 22. aprila, u Muzeju ratnog djetinjstva smo organizovali lutkarsku radionicu \u201cPri\u010da o jednom pajacu\u201d. Rije\u010d je o kreativnoj radionici za djecu uzrasta od 8 do 10 godina, koju je zajedno sa na\u0161im edukatoricama osmislio i realizovao muzejski saradnik, u\u010ditelj i lutkar, Sabit Agi\u0107.","_seopress_robots_index":"","footnotes":""},"categories":[8],"tags":[34,12,13],"class_list":{"0":"post-4088","1":"post","2":"type-post","3":"status-publish","4":"format-standard","5":"has-post-thumbnail","7":"category-edukacija","8":"tag-kreativne-radionice","9":"tag-mrd","10":"tag-muzej-ratnog-djetinjstva"},"_links":{"self":[{"href":"https:\/\/warchildhood.org\/ba\/wp-json\/wp\/v2\/posts\/4088","targetHints":{"allow":["GET"]}}],"collection":[{"href":"https:\/\/warchildhood.org\/ba\/wp-json\/wp\/v2\/posts"}],"about":[{"href":"https:\/\/warchildhood.org\/ba\/wp-json\/wp\/v2\/types\/post"}],"author":[{"embeddable":true,"href":"https:\/\/warchildhood.org\/ba\/wp-json\/wp\/v2\/users\/3"}],"replies":[{"embeddable":true,"href":"https:\/\/warchildhood.org\/ba\/wp-json\/wp\/v2\/comments?post=4088"}],"version-history":[{"count":10,"href":"https:\/\/warchildhood.org\/ba\/wp-json\/wp\/v2\/posts\/4088\/revisions"}],"predecessor-version":[{"id":4106,"href":"https:\/\/warchildhood.org\/ba\/wp-json\/wp\/v2\/posts\/4088\/revisions\/4106"}],"wp:featuredmedia":[{"embeddable":true,"href":"https:\/\/warchildhood.org\/ba\/wp-json\/wp\/v2\/media\/4100"}],"wp:attachment":[{"href":"https:\/\/warchildhood.org\/ba\/wp-json\/wp\/v2\/media?parent=4088"}],"wp:term":[{"taxonomy":"category","embeddable":true,"href":"https:\/\/warchildhood.org\/ba\/wp-json\/wp\/v2\/categories?post=4088"},{"taxonomy":"post_tag","embeddable":true,"href":"https:\/\/warchildhood.org\/ba\/wp-json\/wp\/v2\/tags?post=4088"}],"curies":[{"name":"wp","href":"https:\/\/api.w.org\/{rel}","templated":true}]}}