{"id":4318,"date":"2024-06-03T11:41:22","date_gmt":"2024-06-03T09:41:22","guid":{"rendered":"https:\/\/warchildhood.org\/ba\/?p=4318"},"modified":"2024-06-11T10:18:15","modified_gmt":"2024-06-11T08:18:15","slug":"clanovi-djecijeg-parlamenta-iz-gorazda-posjetili-mrd","status":"publish","type":"post","link":"https:\/\/warchildhood.org\/ba\/clanovi-djecijeg-parlamenta-iz-gorazda-posjetili-mrd\/","title":{"rendered":"\u010clanovi Dje\u010dijeg parlamenta iz Gora\u017eda posjetili MRD"},"content":{"rendered":"<p><strong>Pro\u0161le sedmice 25 \u010dlanova i \u010dlanica <i>Dje\u010dijeg parlamenta <\/i>iz Gora\u017eda posjetilo je Muzej ratnog djetinjstva. Ova jedinistvena platforma okuplja djecu starijih razreda osnovnih \u0161kola iz Gora\u017eda, kako bi s predstavnicima javnih ustanova i vlasti razgovarali\u00a0 o svojim pravima, potrebama i \u017eeljama.<\/strong><\/p>\n<p><span style=\"font-weight: 300;\">Djeca su do\u0161la u pratnji predsjednika udru\u017eenja Slavka Klisure i \u010dlanice skup\u0161tine Vildane Obu\u0107a. <\/span><span style=\"font-weight: 400;\">\u00a0<\/span><i><span style=\"font-weight: 300;\">Dje\u010diji parlament<\/span><\/i><span style=\"font-weight: 300;\"> iz Gora\u017eda djeluje pri <\/span><i><span style=\"font-weight: 300;\">Udru\u017eenju za kreativni razvoj djece Evrope<\/span><\/i><span style=\"font-weight: 300;\">, i \u010desto se na njihovim sastancima debatuje o va\u017enosti kulture sje\u0107anja i kulture mira.<\/span><\/p>\n<h4><a href=\"https:\/\/warchildhood.org\/ba\/wp-content\/uploads\/2024\/06\/djeciji-parlament-6.jpg\" rel=\"prettyPhoto[gallery-hD2T]\"><img decoding=\"async\" class=\"alignnone wp-image-4313 size-large\" src=\"https:\/\/warchildhood.org\/ba\/wp-content\/uploads\/2024\/06\/djeciji-parlament-6-1024x682.jpg\" alt=\"Muzej ratnog djetinjstva, MRD, radionice, izgradnja mira\" width=\"1024\" height=\"682\" srcset=\"https:\/\/warchildhood.org\/ba\/wp-content\/uploads\/2024\/06\/djeciji-parlament-6-1024x682.jpg 1024w, https:\/\/warchildhood.org\/ba\/wp-content\/uploads\/2024\/06\/djeciji-parlament-6-300x200.jpg 300w, https:\/\/warchildhood.org\/ba\/wp-content\/uploads\/2024\/06\/djeciji-parlament-6-768x512.jpg 768w, https:\/\/warchildhood.org\/ba\/wp-content\/uploads\/2024\/06\/djeciji-parlament-6-1536x1024.jpg 1536w, https:\/\/warchildhood.org\/ba\/wp-content\/uploads\/2024\/06\/djeciji-parlament-6-2048x1365.jpg 2048w, https:\/\/warchildhood.org\/ba\/wp-content\/uploads\/2024\/06\/djeciji-parlament-6-900x600.jpg 900w\" sizes=\"(max-width: 1024px) 100vw, 1024px\" \/><\/a><\/h4>\n<h3>Posjeta MRD-u je nagrada za njihov trud i rad<\/h3>\n<blockquote><p><span style=\"font-weight: 300;\">\u201cDolazak u Muzej ratnog djetinjstva je neka vrsta nagrade za njih, jer su izuzetno vrijedno radili u parlamentu. Na sastancima \u010desto razgovaramo o svemu \u0161to se dogodilo, a o \u010demu nema rije\u010di u ud\u017ebenicima. Smatramo da je izuzetno va\u017eno da oni saznaju istinu, koja \u0107e im biti sredstvo za izgradnju mira\u201d, isti\u010de Klisura.<\/span><\/p><\/blockquote>\n<p><span style=\"font-weight: 300;\">Upravo je mirovna edukacija razlog zbog kojeg su ove djevoj\u010dice i dje\u010daci stigli u posjetu Muzeju ratnog djetinjstva. U dru\u0161tvu na\u0161ih edukatorica obi\u0161li su stalnu postavku, te potom podijeljeni u dvije grupe prema dobnoj skupini, u\u010destvovali na na\u0161im\u00a0 radionicama izgradnje mira. <\/span><span style=\"font-weight: 400;\">Uz igru, smijeh i zadatke primjerene njihovim godinama, djeca su diskutovala o\u00a0 izlo\u017eenim\u00a0 eksponatima i pri\u010dama, iskustvima djece koja su odrastala u ratu, te promi\u0161ljala o tome kako i koliko i oni sami mogu doprijeniti izgradnji mira.<\/span><\/p>\n\n\t\t<style type=\"text\/css\">\n\t\t\t#gallery-1 {\n\t\t\t\tmargin: auto;\n\t\t\t}\n\t\t\t#gallery-1 .gallery-item {\n\t\t\t\tfloat: left;\n\t\t\t\tmargin-top: 10px;\n\t\t\t\ttext-align: center;\n\t\t\t\twidth: 33%;\n\t\t\t}\n\t\t\t#gallery-1 img {\n\t\t\t\tborder: 2px solid #cfcfcf;\n\t\t\t}\n\t\t\t#gallery-1 .gallery-caption {\n\t\t\t\tmargin-left: 0;\n\t\t\t}\n\t\t\t\/* see gallery_shortcode() in wp-includes\/media.php *\/\n\t\t<\/style>\n\t\t<div id='gallery-1' class='gallery galleryid-4318 gallery-columns-3 gallery-size-medium'><dl class='gallery-item'>\n\t\t\t<dt class='gallery-icon landscape'>\n\t\t\t\t<a href='https:\/\/warchildhood.org\/ba\/wp-content\/uploads\/2024\/06\/djeciji-parlament-5.jpg'><img decoding=\"async\" width=\"300\" height=\"200\" src=\"https:\/\/warchildhood.org\/ba\/wp-content\/uploads\/2024\/06\/djeciji-parlament-5-300x200.jpg\" class=\"attachment-medium size-medium\" alt=\"Muzej ratnog djetinjstva, MRD, radionice, izgradnja mira\" srcset=\"https:\/\/warchildhood.org\/ba\/wp-content\/uploads\/2024\/06\/djeciji-parlament-5-300x200.jpg 300w, https:\/\/warchildhood.org\/ba\/wp-content\/uploads\/2024\/06\/djeciji-parlament-5-1024x682.jpg 1024w, https:\/\/warchildhood.org\/ba\/wp-content\/uploads\/2024\/06\/djeciji-parlament-5-768x512.jpg 768w, https:\/\/warchildhood.org\/ba\/wp-content\/uploads\/2024\/06\/djeciji-parlament-5-1536x1024.jpg 1536w, https:\/\/warchildhood.org\/ba\/wp-content\/uploads\/2024\/06\/djeciji-parlament-5-2048x1365.jpg 2048w, https:\/\/warchildhood.org\/ba\/wp-content\/uploads\/2024\/06\/djeciji-parlament-5-900x600.jpg 900w\" sizes=\"(max-width: 300px) 100vw, 300px\" \/><\/a>\n\t\t\t<\/dt><\/dl><dl class='gallery-item'>\n\t\t\t<dt class='gallery-icon landscape'>\n\t\t\t\t<a href='https:\/\/warchildhood.org\/ba\/wp-content\/uploads\/2024\/06\/djeciji-parlament-4.jpg'><img decoding=\"async\" width=\"300\" height=\"200\" src=\"https:\/\/warchildhood.org\/ba\/wp-content\/uploads\/2024\/06\/djeciji-parlament-4-300x200.jpg\" class=\"attachment-medium size-medium\" alt=\"Muzej ratnog djetinjstva, MRD, radionice, izgradnja mira\" srcset=\"https:\/\/warchildhood.org\/ba\/wp-content\/uploads\/2024\/06\/djeciji-parlament-4-300x200.jpg 300w, https:\/\/warchildhood.org\/ba\/wp-content\/uploads\/2024\/06\/djeciji-parlament-4-1024x682.jpg 1024w, https:\/\/warchildhood.org\/ba\/wp-content\/uploads\/2024\/06\/djeciji-parlament-4-768x512.jpg 768w, https:\/\/warchildhood.org\/ba\/wp-content\/uploads\/2024\/06\/djeciji-parlament-4-1536x1024.jpg 1536w, https:\/\/warchildhood.org\/ba\/wp-content\/uploads\/2024\/06\/djeciji-parlament-4-2048x1365.jpg 2048w, https:\/\/warchildhood.org\/ba\/wp-content\/uploads\/2024\/06\/djeciji-parlament-4-900x600.jpg 900w\" sizes=\"(max-width: 300px) 100vw, 300px\" \/><\/a>\n\t\t\t<\/dt><\/dl><dl class='gallery-item'>\n\t\t\t<dt class='gallery-icon landscape'>\n\t\t\t\t<a href='https:\/\/warchildhood.org\/ba\/wp-content\/uploads\/2024\/06\/djeciji-parlament-3.jpg'><img decoding=\"async\" width=\"300\" height=\"200\" src=\"https:\/\/warchildhood.org\/ba\/wp-content\/uploads\/2024\/06\/djeciji-parlament-3-300x200.jpg\" class=\"attachment-medium size-medium\" alt=\"Muzej ratnog djetinjstva, MRD, radionice, izgradnja mira\" srcset=\"https:\/\/warchildhood.org\/ba\/wp-content\/uploads\/2024\/06\/djeciji-parlament-3-300x200.jpg 300w, https:\/\/warchildhood.org\/ba\/wp-content\/uploads\/2024\/06\/djeciji-parlament-3-1024x682.jpg 1024w, https:\/\/warchildhood.org\/ba\/wp-content\/uploads\/2024\/06\/djeciji-parlament-3-768x512.jpg 768w, https:\/\/warchildhood.org\/ba\/wp-content\/uploads\/2024\/06\/djeciji-parlament-3-1536x1024.jpg 1536w, https:\/\/warchildhood.org\/ba\/wp-content\/uploads\/2024\/06\/djeciji-parlament-3-2048x1365.jpg 2048w, https:\/\/warchildhood.org\/ba\/wp-content\/uploads\/2024\/06\/djeciji-parlament-3-900x600.jpg 900w\" sizes=\"(max-width: 300px) 100vw, 300px\" \/><\/a>\n\t\t\t<\/dt><\/dl><br style=\"clear: both\" \/><dl class='gallery-item'>\n\t\t\t<dt class='gallery-icon landscape'>\n\t\t\t\t<a href='https:\/\/warchildhood.org\/ba\/wp-content\/uploads\/2024\/06\/djeciji-parlament-2.jpg'><img decoding=\"async\" width=\"300\" height=\"200\" src=\"https:\/\/warchildhood.org\/ba\/wp-content\/uploads\/2024\/06\/djeciji-parlament-2-300x200.jpg\" class=\"attachment-medium size-medium\" alt=\"Muzej ratnog djetinjstva, MRD, radionice, izgradnja mira\" srcset=\"https:\/\/warchildhood.org\/ba\/wp-content\/uploads\/2024\/06\/djeciji-parlament-2-300x200.jpg 300w, https:\/\/warchildhood.org\/ba\/wp-content\/uploads\/2024\/06\/djeciji-parlament-2-1024x682.jpg 1024w, https:\/\/warchildhood.org\/ba\/wp-content\/uploads\/2024\/06\/djeciji-parlament-2-768x512.jpg 768w, https:\/\/warchildhood.org\/ba\/wp-content\/uploads\/2024\/06\/djeciji-parlament-2-1536x1024.jpg 1536w, https:\/\/warchildhood.org\/ba\/wp-content\/uploads\/2024\/06\/djeciji-parlament-2-2048x1365.jpg 2048w, https:\/\/warchildhood.org\/ba\/wp-content\/uploads\/2024\/06\/djeciji-parlament-2-900x600.jpg 900w\" sizes=\"(max-width: 300px) 100vw, 300px\" \/><\/a>\n\t\t\t<\/dt><\/dl><dl class='gallery-item'>\n\t\t\t<dt class='gallery-icon landscape'>\n\t\t\t\t<a href='https:\/\/warchildhood.org\/ba\/wp-content\/uploads\/2024\/06\/djeciji-parlament-1.jpg'><img decoding=\"async\" width=\"300\" height=\"200\" src=\"https:\/\/warchildhood.org\/ba\/wp-content\/uploads\/2024\/06\/djeciji-parlament-1-300x200.jpg\" class=\"attachment-medium size-medium\" alt=\"Muzej ratnog djetinjstva, MRD, radionice, izgradnja mira\" srcset=\"https:\/\/warchildhood.org\/ba\/wp-content\/uploads\/2024\/06\/djeciji-parlament-1-300x200.jpg 300w, https:\/\/warchildhood.org\/ba\/wp-content\/uploads\/2024\/06\/djeciji-parlament-1-1024x682.jpg 1024w, https:\/\/warchildhood.org\/ba\/wp-content\/uploads\/2024\/06\/djeciji-parlament-1-768x512.jpg 768w, https:\/\/warchildhood.org\/ba\/wp-content\/uploads\/2024\/06\/djeciji-parlament-1-1536x1024.jpg 1536w, https:\/\/warchildhood.org\/ba\/wp-content\/uploads\/2024\/06\/djeciji-parlament-1-2048x1365.jpg 2048w, https:\/\/warchildhood.org\/ba\/wp-content\/uploads\/2024\/06\/djeciji-parlament-1-900x600.jpg 900w\" sizes=\"(max-width: 300px) 100vw, 300px\" \/><\/a>\n\t\t\t<\/dt><\/dl><dl class='gallery-item'>\n\t\t\t<dt class='gallery-icon landscape'>\n\t\t\t\t<a href='https:\/\/warchildhood.org\/ba\/wp-content\/uploads\/2024\/06\/djeciji-parlament-7.jpg'><img decoding=\"async\" width=\"300\" height=\"200\" src=\"https:\/\/warchildhood.org\/ba\/wp-content\/uploads\/2024\/06\/djeciji-parlament-7-300x200.jpg\" class=\"attachment-medium size-medium\" alt=\"Muzej ratnog djetinjstva, MRD, radionice, izgradnja mira\" srcset=\"https:\/\/warchildhood.org\/ba\/wp-content\/uploads\/2024\/06\/djeciji-parlament-7-300x200.jpg 300w, https:\/\/warchildhood.org\/ba\/wp-content\/uploads\/2024\/06\/djeciji-parlament-7-1024x682.jpg 1024w, https:\/\/warchildhood.org\/ba\/wp-content\/uploads\/2024\/06\/djeciji-parlament-7-768x512.jpg 768w, https:\/\/warchildhood.org\/ba\/wp-content\/uploads\/2024\/06\/djeciji-parlament-7-1536x1024.jpg 1536w, https:\/\/warchildhood.org\/ba\/wp-content\/uploads\/2024\/06\/djeciji-parlament-7-2048x1365.jpg 2048w, https:\/\/warchildhood.org\/ba\/wp-content\/uploads\/2024\/06\/djeciji-parlament-7-900x600.jpg 900w\" sizes=\"(max-width: 300px) 100vw, 300px\" \/><\/a>\n\t\t\t<\/dt><\/dl><br style=\"clear: both\" \/>\n\t\t<\/div>\n\n<p><span style=\"font-weight: 300;\">Radionicama je pristustvovala i\u00a0 \u010dlanica skup\u0161tine <\/span><i><span style=\"font-weight: 300;\">Dje\u010dijeg parlameta<\/span><\/i><span style=\"font-weight: 300;\">, po profesiji defektologinja, Vildana Obu\u0107a, koja nam je rekla: <\/span><\/p>\n<blockquote><p><span style=\"font-weight: 300;\">\u201cPrvi put sam u muzeju i jo\u0161 uvijek sam pod dojmom. Postavka koju smo vidjeli, ali i sam ambijent muzeja, i meni i djeci je donio jedan poseban osje\u0107aj. Gledaju\u0107i izlo\u017ebu, vratile su mi se slike vlastitog djetinjstva jer sam 1982. godi\u0161te. <\/span><span style=\"font-weight: 400;\">Tokom rata sam bila \u010dak i mla\u0111a nego oni sada. Drago mi je da dana\u0161nja djeca vide i razumiju kako smo \u017eivjeli \u00a0 i dru\u017eili se tokom rata, i kako smo na kraju krajeva sami osmi\u0161ljavali svoji igre. <\/span><span style=\"font-weight: 300;\">Iskreno se nadam da \u0107e sve \u0161kole na prostoru BiH uvrstiti u svoje godi\u0161nje planove i programe posjetu ovom muzeju\u201d.<\/span><\/p><\/blockquote>\n\n\t\t<style type=\"text\/css\">\n\t\t\t#gallery-2 {\n\t\t\t\tmargin: auto;\n\t\t\t}\n\t\t\t#gallery-2 .gallery-item {\n\t\t\t\tfloat: left;\n\t\t\t\tmargin-top: 10px;\n\t\t\t\ttext-align: center;\n\t\t\t\twidth: 33%;\n\t\t\t}\n\t\t\t#gallery-2 img {\n\t\t\t\tborder: 2px solid #cfcfcf;\n\t\t\t}\n\t\t\t#gallery-2 .gallery-caption {\n\t\t\t\tmargin-left: 0;\n\t\t\t}\n\t\t\t\/* see gallery_shortcode() in wp-includes\/media.php *\/\n\t\t<\/style>\n\t\t<div id='gallery-2' class='gallery galleryid-4318 gallery-columns-3 gallery-size-medium'><dl class='gallery-item'>\n\t\t\t<dt class='gallery-icon landscape'>\n\t\t\t\t<a href='https:\/\/warchildhood.org\/ba\/wp-content\/uploads\/2024\/06\/djeciji-parlament-9.jpg'><img decoding=\"async\" width=\"300\" height=\"200\" src=\"https:\/\/warchildhood.org\/ba\/wp-content\/uploads\/2024\/06\/djeciji-parlament-9-300x200.jpg\" class=\"attachment-medium size-medium\" alt=\"Muzej ratnog djetinjstva, MRD, radionice, izgradnja mira\" srcset=\"https:\/\/warchildhood.org\/ba\/wp-content\/uploads\/2024\/06\/djeciji-parlament-9-300x200.jpg 300w, https:\/\/warchildhood.org\/ba\/wp-content\/uploads\/2024\/06\/djeciji-parlament-9-1024x682.jpg 1024w, https:\/\/warchildhood.org\/ba\/wp-content\/uploads\/2024\/06\/djeciji-parlament-9-768x512.jpg 768w, https:\/\/warchildhood.org\/ba\/wp-content\/uploads\/2024\/06\/djeciji-parlament-9-1536x1024.jpg 1536w, https:\/\/warchildhood.org\/ba\/wp-content\/uploads\/2024\/06\/djeciji-parlament-9-2048x1365.jpg 2048w, https:\/\/warchildhood.org\/ba\/wp-content\/uploads\/2024\/06\/djeciji-parlament-9-900x600.jpg 900w\" sizes=\"(max-width: 300px) 100vw, 300px\" \/><\/a>\n\t\t\t<\/dt><\/dl><dl class='gallery-item'>\n\t\t\t<dt class='gallery-icon landscape'>\n\t\t\t\t<a href='https:\/\/warchildhood.org\/ba\/wp-content\/uploads\/2024\/06\/djeciji-parlament-8.jpg'><img decoding=\"async\" width=\"300\" height=\"200\" src=\"https:\/\/warchildhood.org\/ba\/wp-content\/uploads\/2024\/06\/djeciji-parlament-8-300x200.jpg\" class=\"attachment-medium size-medium\" alt=\"Muzej ratnog djetinjstva, MRD, radionice, izgradnja mira\" srcset=\"https:\/\/warchildhood.org\/ba\/wp-content\/uploads\/2024\/06\/djeciji-parlament-8-300x200.jpg 300w, https:\/\/warchildhood.org\/ba\/wp-content\/uploads\/2024\/06\/djeciji-parlament-8-1024x682.jpg 1024w, https:\/\/warchildhood.org\/ba\/wp-content\/uploads\/2024\/06\/djeciji-parlament-8-768x512.jpg 768w, https:\/\/warchildhood.org\/ba\/wp-content\/uploads\/2024\/06\/djeciji-parlament-8-1536x1024.jpg 1536w, https:\/\/warchildhood.org\/ba\/wp-content\/uploads\/2024\/06\/djeciji-parlament-8-2048x1365.jpg 2048w, https:\/\/warchildhood.org\/ba\/wp-content\/uploads\/2024\/06\/djeciji-parlament-8-900x600.jpg 900w\" sizes=\"(max-width: 300px) 100vw, 300px\" \/><\/a>\n\t\t\t<\/dt><\/dl><dl class='gallery-item'>\n\t\t\t<dt class='gallery-icon landscape'>\n\t\t\t\t<a href='https:\/\/warchildhood.org\/ba\/wp-content\/uploads\/2024\/06\/djeciji-parlament-10.jpg'><img decoding=\"async\" width=\"300\" height=\"200\" src=\"https:\/\/warchildhood.org\/ba\/wp-content\/uploads\/2024\/06\/djeciji-parlament-10-300x200.jpg\" class=\"attachment-medium size-medium\" alt=\"Muzej ratnog djetinjstva, MRD, radionice, izgradnja mira\" srcset=\"https:\/\/warchildhood.org\/ba\/wp-content\/uploads\/2024\/06\/djeciji-parlament-10-300x200.jpg 300w, https:\/\/warchildhood.org\/ba\/wp-content\/uploads\/2024\/06\/djeciji-parlament-10-1024x682.jpg 1024w, https:\/\/warchildhood.org\/ba\/wp-content\/uploads\/2024\/06\/djeciji-parlament-10-768x512.jpg 768w, https:\/\/warchildhood.org\/ba\/wp-content\/uploads\/2024\/06\/djeciji-parlament-10-1536x1024.jpg 1536w, https:\/\/warchildhood.org\/ba\/wp-content\/uploads\/2024\/06\/djeciji-parlament-10-2048x1365.jpg 2048w, https:\/\/warchildhood.org\/ba\/wp-content\/uploads\/2024\/06\/djeciji-parlament-10-900x600.jpg 900w\" sizes=\"(max-width: 300px) 100vw, 300px\" \/><\/a>\n\t\t\t<\/dt><\/dl><br style=\"clear: both\" \/>\n\t\t<\/div>\n\n<h3>Ususret izlo\u017ebi Muzeja ratnog djetinjstva u Gora\u017edu<\/h3>\n<p>Me\u0111u 6.000 predmeta i pri\u010da u na\u0161oj kolekciji, nalaze se i oni koji svjedo\u010de o iskustvima djece tokom opsade Gora\u017eda. Takav jedan predmet donirala nam je i Gora\u017edanka Amina, koja je imala 10 godina kada je po\u010deo rat.<\/p>\n<p><strong><a href=\"https:\/\/warchildhood.org\/ba\/wp-content\/uploads\/2024\/06\/dzemper-za-medu-scaled.jpg\" rel=\"prettyPhoto[gallery-hD2T]\"><img decoding=\"async\" class=\"wp-image-4320 aligncenter\" src=\"https:\/\/warchildhood.org\/ba\/wp-content\/uploads\/2024\/06\/dzemper-za-medu-1024x768.jpg\" alt=\"Muzej ratnog djetinjstva, MRD, eksponati, Gora\u017ede\" width=\"596\" height=\"447\" srcset=\"https:\/\/warchildhood.org\/ba\/wp-content\/uploads\/2024\/06\/dzemper-za-medu-1024x768.jpg 1024w, https:\/\/warchildhood.org\/ba\/wp-content\/uploads\/2024\/06\/dzemper-za-medu-300x225.jpg 300w, https:\/\/warchildhood.org\/ba\/wp-content\/uploads\/2024\/06\/dzemper-za-medu-768x576.jpg 768w, https:\/\/warchildhood.org\/ba\/wp-content\/uploads\/2024\/06\/dzemper-za-medu-1536x1152.jpg 1536w, https:\/\/warchildhood.org\/ba\/wp-content\/uploads\/2024\/06\/dzemper-za-medu-2048x1536.jpg 2048w\" sizes=\"(max-width: 596px) 100vw, 596px\" \/><\/a><\/strong><\/p>\n<h3><strong>D\u017eemper za medu<\/strong><\/h3>\n<p>Imala sam deset godina kada je po\u010deo rat. Provela sam ga u Gora\u017edu, koje je \u010detiri godine bilo pod opsadom. Nismo imali vode, hrane, struje, grijanja, a granate su padale svakodnevno.<\/p>\n<p>Moji roditelji su bili ljekari i s njima sam dosta vremena provodila u ordinaciji. Kada bi po\u010delo granatiranje, bje\u017eali smo u mra\u010dne i hladne podrume. U zgradi u kojoj smo \u017eivjeli, u podrumu su \u017eene plele razli\u010dite stvari: \u010darape, kape, rukavice&#8230; Satima su plele uz lojanice \u2013 u \u010da\u0161u dopola stavile bi vodu, a zatim ulje i platneni fitilj, te bi tako dobile svjetlost. To je mnogo \u010dadilo, pa smo iz podruma izlazili jako \u010da\u0111avi. Porile su stare stvari da bi plele nove, jer druga\u010dije se nije moglo do\u0107i do vunice. Uz pletenje je vrijeme u podrumu br\u017ee prolazilo, bilo je lak\u0161e podnositi strah, glad, zvuk granata. I moja majka je plela, pa je i meni dala par igala, ne\u0161to malo vunice i, uz njenu pomo\u0107, nau\u010dila sam plesti.<\/p>\n<p>Za svog medu, od kojeg se tada nisam odvajala, isplela sam d\u017eemper. Od svakog bih dobila pomalo vunice razli\u010ditih boja, tako da je d\u017eemper na kraju bio \u0161aren. Njegov prednji, zadnji dio i rukavi su u razli\u010ditim nijansama. Sa\u010duvala sam ga do danas, da pored svih ru\u017enih imam jednu lijepu uspomenu na to da sam, u tim uslovima, kao dijete, savladala vrijednu vje\u0161tinu.<\/p>\n<p><em><strong>Amina, ( ro\u0111. 1982.) Gora\u017ede<\/strong><\/em><\/p>\n<p><span style=\"font-weight: 400;\">Aminin d\u017eemper \u0107e se na\u0107i i na predstoje\u0107oj izlo\u017ebi Muzeja ratnog djetinjstva u Centru za kulturu Gora\u017ede koju realiziramo u saradnji sa <\/span><span style=\"font-weight: 400;\">Zavi\u010dajnim muzejom Gora\u017ede<\/span><span style=\"font-weight: 400;\">. Rije\u010d je o na\u0161oj prvoj izlo\u017ebi u ovom bh. gradu o iskustvima odrastanja pod opsadom u Gora\u017edu, Sarajevu, Gazi i Mariupolju. <\/span><span style=\"font-weight: 400;\">Izlo\u017eba \u0107e biti otvorena 15. jula i trajat \u0107e do 15. augusta 2024. godine.<\/span><\/p>\n<p><strong>Ako ste i vi bili dijete tokom rata u Gora\u017edu, i \u017eelite umuzejiti svoje uspomene, mo\u017eete nas kontaktirati pozivom na broj +38765912326 ili putem emaila: <a href=\"mailto:ivana.roso@warchildhood.org\">ivana.roso@warchildhood.org<\/a>.<\/strong><\/p>\n","protected":false},"excerpt":{"rendered":"<p>Pro\u0161le sedmice 25 \u010dlanova i \u010dlanica Dje\u010dijeg parlamenta iz Gora\u017eda posjetilo je Muzej ratnog djetinjstva. Ova jedinistvena platforma okuplja djecu starijih razreda osnovnih \u0161kola iz Gora\u017eda, kako bi s predstavnicima&#8230;<\/p>\n","protected":false},"author":3,"featured_media":4317,"comment_status":"closed","ping_status":"closed","sticky":false,"template":"","format":"standard","meta":{"give_campaign_id":0,"_seopress_robots_primary_cat":"none","_seopress_titles_title":"\u010clanovi Dje\u010dijeg parlamenta iz Gora\u017eda posjetili Muzej ratnog djetinjstva","_seopress_titles_desc":"Pro\u0161le sedmice 25 \u010dlanova i \u010dlanica Dje\u010dijeg parlamenta iz Gora\u017eda posjetilo je Muzej ratnog djetinjstva. Ova jedinistvena platforma okuplja djecu starijih razreda osnovnih \u0161kola iz Gora\u017eda, kako bi s predstavnicima javnih ustanova i vlasti razgovarali\u00a0 o svojim pravima, potrebama i \u017eeljama.","_seopress_robots_index":"","footnotes":""},"categories":[8],"tags":[33,36,12,13,63],"class_list":{"0":"post-4318","1":"post","2":"type-post","3":"status-publish","4":"format-standard","5":"has-post-thumbnail","7":"category-edukacija","8":"tag-edukativne-radionice","9":"tag-izgradnja-mira","10":"tag-mrd","11":"tag-muzej-ratnog-djetinjstva","12":"tag-posjeta-mrd"},"_links":{"self":[{"href":"https:\/\/warchildhood.org\/ba\/wp-json\/wp\/v2\/posts\/4318","targetHints":{"allow":["GET"]}}],"collection":[{"href":"https:\/\/warchildhood.org\/ba\/wp-json\/wp\/v2\/posts"}],"about":[{"href":"https:\/\/warchildhood.org\/ba\/wp-json\/wp\/v2\/types\/post"}],"author":[{"embeddable":true,"href":"https:\/\/warchildhood.org\/ba\/wp-json\/wp\/v2\/users\/3"}],"replies":[{"embeddable":true,"href":"https:\/\/warchildhood.org\/ba\/wp-json\/wp\/v2\/comments?post=4318"}],"version-history":[{"count":7,"href":"https:\/\/warchildhood.org\/ba\/wp-json\/wp\/v2\/posts\/4318\/revisions"}],"predecessor-version":[{"id":4342,"href":"https:\/\/warchildhood.org\/ba\/wp-json\/wp\/v2\/posts\/4318\/revisions\/4342"}],"wp:featuredmedia":[{"embeddable":true,"href":"https:\/\/warchildhood.org\/ba\/wp-json\/wp\/v2\/media\/4317"}],"wp:attachment":[{"href":"https:\/\/warchildhood.org\/ba\/wp-json\/wp\/v2\/media?parent=4318"}],"wp:term":[{"taxonomy":"category","embeddable":true,"href":"https:\/\/warchildhood.org\/ba\/wp-json\/wp\/v2\/categories?post=4318"},{"taxonomy":"post_tag","embeddable":true,"href":"https:\/\/warchildhood.org\/ba\/wp-json\/wp\/v2\/tags?post=4318"}],"curies":[{"name":"wp","href":"https:\/\/api.w.org\/{rel}","templated":true}]}}