{"id":5478,"date":"2025-04-08T15:50:29","date_gmt":"2025-04-08T13:50:29","guid":{"rendered":"https:\/\/warchildhood.org\/ba\/?p=5478"},"modified":"2025-04-08T15:52:07","modified_gmt":"2025-04-08T13:52:07","slug":"mart-u-muzeju-ratnog-djetinjstva","status":"publish","type":"post","link":"https:\/\/warchildhood.org\/ba\/mart-u-muzeju-ratnog-djetinjstva\/","title":{"rendered":"Mart u Muzeju ratnog djetinjstva"},"content":{"rendered":"<p><span style=\"font-weight: 400;\">Ovaj mjesec obilje\u017eili smo osmu godi\u0161njicu osnivanja otvaranjem izlo\u017ebe fotografije <strong>\u201cDjeca rata, ljudi mira\u201d, Milomira Kova\u010devi\u0107a Stra\u0161nog<\/strong>. Uz ovaj va\u017ean doga\u0111aj, na\u0161 tim je nastavio s redovnim obrazovnim aktivnostima, prikupljanjem svjedo\u010danstava i posebnim projektima u BiH i Ukrajini.<\/span><\/p>\n<p><b>Pro\u010ditajte vi\u0161e o na\u0161im martovskim aktivnostima:<\/b><\/p>\n<h2><span style=\"font-weight: 400;\">Edukativne posjete i programi<\/span><\/h2>\n<p><span style=\"font-weight: 400;\">Tokom marta, kroz obrazovne programe ugostili smo <strong>vi\u0161e od 300 posjetitelja i posjetiteljki iz Bosne i Hercegovine, Srbije, Velike Britanije, Njema\u010dke, Francuske, SAD-a, Danske, \u0160vedske, Italije i Hrvatske<\/strong>. Tako\u0111er smo ugostili \u0161kotsku delegaciju \u010diju posjetu je inicirala organizacija <\/span><a href=\"https:\/\/www.facebook.com\/rememberingsrebrenica\"><span style=\"font-weight: 400;\">Remembering Srebrenica<\/span><\/a><span style=\"font-weight: 400;\">.<\/span><\/p>\n<h2><span style=\"font-weight: 400;\">Osma godi\u0161njica i otvaranje izlo\u017ebe<\/span><\/h2>\n<p><span style=\"font-weight: 400;\">Povodom osme godi\u0161njice Muzeja ratnog djetinjstva, realizovali smo <a href=\"https:\/\/warchildhood.org\/ba\/mrd-osmi-rodjendan\/\" target=\"_blank\" rel=\"noopener\">izlo\u017ebu<\/a> u saradnji s renomiranim fotografom Milomirom Kova\u010devi\u0107em Stra\u0161nim. Izlo\u017eba donosi emotivne dvostruke portrete djece koju je Stra\u0161ni fotografisao tokom rata i istih tih osoba danas, kao odraslih. Pogledajte <a href=\"https:\/\/www.facebook.com\/reel\/1186811599744960\" target=\"_blank\" rel=\"noopener\">kako su tekle pripreme za izlo\u017ebu<\/a> te \u0161ta Stra\u0161ni ima re\u0107i <a href=\"https:\/\/www.facebook.com\/reel\/1346950899718424\" target=\"_blank\" rel=\"noopener\">o njenom nastanku<\/a>. &#8220;Djeca rata, ljudi mira&#8221; otvorena je 28. marta, nakon panela i prezentacije.<\/span><\/p>\n<p><span style=\"font-weight: 400;\">Tokom <a href=\"https:\/\/warchildhood.org\/ba\/muzej-ratnog-djetinjstva-obiljezio-osmi-rodjendan\/\" target=\"_blank\" rel=\"noopener\">prezentacije<\/a>, <strong>direktorica Amina Krvavac<\/strong> osvrnula se na klju\u010dna postignu\u0107a Muzeja, dok je <strong>Namir Ibrahimovi\u0107 iz organizacije Step by Step<\/strong> govorio o na\u0161em zajedni\u010dkom mirovnom radu kroz projekat <strong>PEACESTORY<\/strong>. Glumica <strong>Maja Salki\u0107<\/strong> <a href=\"https:\/\/www.facebook.com\/muzejratnogdjetinjstva\/posts\/pfbid0Ps8iKRsn6VzwLoVaRM7f6Qnh2fu2Avr959iKFLAWbJbogqCFE2MZwfLSRpvU16WEl\" target=\"_blank\" rel=\"noopener\">pro\u010ditala je pri\u010du<\/a> jedne u\u010desnice iz Palestine, a ukrajinska fotografkinja <strong>Oksana Parafeniuk<\/strong> podijelila je <a href=\"https:\/\/www.facebook.com\/muzejratnogdjetinjstva\/posts\/pfbid02VmPy88gCLRfiWRsJyezjFhWen24Kf5v8wtRBQB2pTBHToXicP1dd1Yj1LFJhHxdHl\" target=\"_blank\" rel=\"noopener\">emotivnu video prezentaciju<\/a> o uticaju rata na djecu.<\/span><\/p>\n<p><span style=\"font-weight: 400;\"><strong>Osniva\u010d Muzeja, Jasminko Halilovi\u0107<\/strong>, govorio je o sve ve\u0107em obimu rada MRD-a u Ukrajini, gdje na\u0161 tim nastavlja dokumentovati dje\u010dija ratna iskustva. Panel diskusiju moderirala je <strong>Kristina Ljevak Bajramovi\u0107<\/strong>, a u\u010destvovali su Milomir Kova\u010devi\u0107 i dvoje osoba \u010dije fotografije su se na\u0161le u izlo\u017ebi \u2013 <strong>Adna Idrizovi\u0107<\/strong> i <strong>Damir Hod\u017ei\u0107<\/strong> \u2013 koji su podijelili svoja razmi\u0161ljanja.<\/span><\/p>\n<h2><span style=\"font-weight: 400;\">Svjedo\u010danstva<\/span><\/h2>\n<p><span style=\"font-weight: 400;\">Muzej ratnog djetinjstva nastavlja \u0161iriti svoj arhiv. U martu, na\u0161 tim u Ukrajini zabilje\u017eio je svjedo\u010danstvo o <strong>masakru u Fergani 1989. godine u Uzbekistanu<\/strong>, \u0161to je <strong>21. sukob<\/strong> koji je Muzej dokumentovao. Tako\u0111er smo objavili <a href=\"https:\/\/warchildhood.org\/ba\/intervju-mirela-geko\/\" target=\"_blank\" rel=\"noopener\">intervju<\/a> s <strong>jednom od na\u0161ih prvih u\u010desnica, Mirelom Geko<\/strong> \u2013 <a href=\"https:\/\/www.facebook.com\/reel\/687413980285442\" target=\"_blank\" rel=\"noopener\">pogledajte<\/a> njena razmi\u0161ljanja o dijeljenju vlastite pri\u010de.<\/span><\/p>\n<h2><span style=\"font-weight: 400;\">Posebni projekti<\/span><\/h2>\n<p><span style=\"font-weight: 400;\">U MRD-u u BiH nastavljena je edukacija nastavnika i u\u010denika uklju\u010denih u projekat PEACESTORY, koji se realizuje <strong>uz podr\u0161ku Ujedinjenih nacija<\/strong>. Pogledajte kratke osvrte s ovih radionica <a href=\"https:\/\/www.facebook.com\/reel\/1464275527872328\" target=\"_blank\" rel=\"noopener\">ovdje<\/a>.<\/span><\/p>\n<p><span style=\"font-weight: 400;\">U MRD-u u Ukrajini smo zapo\u010deli projekat <\/span><strong>IMBALANCE<\/strong><span style=\"font-weight: 400;\"> \u2013 Savremeni umjetni\u010dki i dokumentacijski laboratorij za tinejd\u017eere. Tokom prva dva susreta, u\u010desnici su upoznali projektni tim, promi\u0161ljali o li\u010dnim iskustvima kroz umjetnost i radili s psihologom i pozori\u0161nim rediteljem na performativnim praksama.<\/span><\/p>\n<h2><span style=\"font-weight: 400;\">Medijski izvje\u0161taji<\/span><\/h2>\n<p><span style=\"font-weight: 400;\">Muzej ratnog djetinjstva redovno se pojavljuje u doma\u0107im i me\u0111unarodnim medijima. Ovdje mo\u017eete prona\u0107i izbor \u010dlanaka koji su pro\u0161log mjeseca pisali o Muzeju:<\/span><\/p>\n<ul>\n<li style=\"font-weight: 400;\" aria-level=\"1\"><a href=\"https:\/\/balkaninsight.com\/sr\/2025\/04\/01\/children-of-war-people-of-peace-bosnias-war-childhood-museum-marks-anniversary\/\"><span style=\"font-weight: 400;\">&#8216;Djeca rata, ljudi mira&#8217;: Muzej ratnog djetinjstva u BiH obilje\u017eava godi\u0161njicu | Balkan Insight<\/span><\/a><span style=\"font-weight: 400;\">\u00a0<\/span><\/li>\n<li style=\"font-weight: 400;\" aria-level=\"1\"><a href=\"https:\/\/www.fena.ba\/article\/1620796\/za-rodjendan-muzeja-ratnog-djetinjstva-izlozba-djeca-rata-ljudi-mira\"><span style=\"font-weight: 400;\">Za ro\u0111endan Muzeja ratnog djetinjstva izlo\u017eba &#8216;Djeca rata, ljudi mira&#8217;<\/span><\/a><\/li>\n<li aria-level=\"1\"><a href=\"https:\/\/detektor.ba\/2025\/03\/28\/izlozba-djeca-rata-ljudi-mira-milomira-kovacevica-strasnog-za-rodjendan-muzeja-ratnog-djetinjstva\/\"><span style=\"font-weight: 400;\">Izlo\u017eba \u201cDjeca rata, ljudi mira\u201c Milomira Kova\u010devi\u0107a Stra\u0161nog za ro\u0111endan Muzeja ratnog djetinjstva &#8211; Detektor<\/span><\/a><\/li>\n<li style=\"font-weight: 400;\" aria-level=\"1\"><a href=\"https:\/\/www.klix.ba\/magazin\/kultura\/izlozbom-djeca-rata-ljudi-mira-milomira-kovacevica-strasnog-obiljezen-rodendan-muzeja-ratnog-djetinjstva\/250328206\"><span style=\"font-weight: 400;\">Izlo\u017ebom &#8220;Djeca rata, ljudi mira&#8221; Milomira Kova\u010devi\u0107a Stra\u0161nog obilje\u017een ro\u0111endan Muzeja ratnog djetinjstva<\/span><\/a><\/li>\n<li style=\"font-weight: 400;\" aria-level=\"1\"><a href=\"https:\/\/www.federalna.ba\/halilovic-muzej-ratnog-djetinstva-postavlja-nove-standarde-vyph3\"><span style=\"font-weight: 400;\">Halilovi\u0107: Muzej ratnog djetinstva postavlja nove standarde<\/span><\/a><span style=\"font-weight: 400;\">\u00a0<\/span><\/li>\n<\/ul>\n<p><span style=\"font-weight: 400;\"><strong>Svitlana Osipchuk<\/strong>, programska direktorica WCM-a u Ukrajini, predstavljena je u najnovijem izdanju magazina \u201c<a href=\"https:\/\/publishing.localhistory.org.ua\/product\/dytynstvo-11-2024\/?\" target=\"_blank\" rel=\"noopener\">Lokalna historija\u201d<\/a><\/span><span style=\"font-weight: 400;\"><em>,<\/em> u specijalnom broju na temu djetinjstva. U tekstu je podijelila uvide iz na\u0161eg rada tokom invazije punog razmjera.<\/span><\/p>\n<p><b>Pratite nas za vi\u0161e informacija o nadolaze\u0107im doga\u0111ajima i inicijativama!<\/b><\/p>\n","protected":false},"excerpt":{"rendered":"<p>Ovaj mjesec obilje\u017eili smo osmu godi\u0161njicu osnivanja otvaranjem izlo\u017ebe fotografije \u201cDjeca rata, ljudi mira\u201d, Milomira Kova\u010devi\u0107a Stra\u0161nog. Uz ovaj va\u017ean doga\u0111aj, na\u0161 tim je nastavio s redovnim obrazovnim aktivnostima, prikupljanjem&#8230;<\/p>\n","protected":false},"author":6,"featured_media":5482,"comment_status":"closed","ping_status":"closed","sticky":false,"template":"","format":"standard","meta":{"give_campaign_id":0,"_seopress_robots_primary_cat":"none","_seopress_titles_title":"","_seopress_titles_desc":"Otkrijte najva\u017enije trenutke iz Muzeja ratnog djetinjstva ovog mjeseca \u2013 od ro\u0111endanske izlo\u017ebe do teku\u0107ih programa u BiH i Ukrajini.","_seopress_robots_index":"","footnotes":""},"categories":[109],"tags":[55,146,147,149,144,120,148,112,32],"class_list":{"0":"post-5478","1":"post","2":"type-post","3":"status-publish","4":"format-standard","5":"has-post-thumbnail","7":"category-mjesec-u-muzeju","8":"tag-amina-krvavac","9":"tag-djeca-rata-ljudi-mira","10":"tag-jasminko-halilovic","11":"tag-maja-salkic","12":"tag-milomir-kovacevic-strasni","13":"tag-mjesec-u-muzeju","14":"tag-oksana-parafeniuk","15":"tag-peacestory","16":"tag-rodjendan"},"_links":{"self":[{"href":"https:\/\/warchildhood.org\/ba\/wp-json\/wp\/v2\/posts\/5478","targetHints":{"allow":["GET"]}}],"collection":[{"href":"https:\/\/warchildhood.org\/ba\/wp-json\/wp\/v2\/posts"}],"about":[{"href":"https:\/\/warchildhood.org\/ba\/wp-json\/wp\/v2\/types\/post"}],"author":[{"embeddable":true,"href":"https:\/\/warchildhood.org\/ba\/wp-json\/wp\/v2\/users\/6"}],"replies":[{"embeddable":true,"href":"https:\/\/warchildhood.org\/ba\/wp-json\/wp\/v2\/comments?post=5478"}],"version-history":[{"count":3,"href":"https:\/\/warchildhood.org\/ba\/wp-json\/wp\/v2\/posts\/5478\/revisions"}],"predecessor-version":[{"id":5483,"href":"https:\/\/warchildhood.org\/ba\/wp-json\/wp\/v2\/posts\/5478\/revisions\/5483"}],"wp:featuredmedia":[{"embeddable":true,"href":"https:\/\/warchildhood.org\/ba\/wp-json\/wp\/v2\/media\/5482"}],"wp:attachment":[{"href":"https:\/\/warchildhood.org\/ba\/wp-json\/wp\/v2\/media?parent=5478"}],"wp:term":[{"taxonomy":"category","embeddable":true,"href":"https:\/\/warchildhood.org\/ba\/wp-json\/wp\/v2\/categories?post=5478"},{"taxonomy":"post_tag","embeddable":true,"href":"https:\/\/warchildhood.org\/ba\/wp-json\/wp\/v2\/tags?post=5478"}],"curies":[{"name":"wp","href":"https:\/\/api.w.org\/{rel}","templated":true}]}}