{"id":6040,"date":"2025-10-06T12:55:08","date_gmt":"2025-10-06T10:55:08","guid":{"rendered":"https:\/\/warchildhood.org\/ba\/?p=6040"},"modified":"2025-10-06T12:55:08","modified_gmt":"2025-10-06T10:55:08","slug":"svjetski-dan-ucitelja-obrazovanje-tokom-sukoba","status":"publish","type":"post","link":"https:\/\/warchildhood.org\/ba\/svjetski-dan-ucitelja-obrazovanje-tokom-sukoba\/","title":{"rendered":"Svjetski dan u\u010ditelja: Obrazovanje tokom sukoba"},"content":{"rendered":"<p><span style=\"font-weight: 400;\">Petog oktobra obilje\u017eava se <a href=\"https:\/\/www.unesco.org\/en\/days\/teachers\" target=\"_blank\" rel=\"noopener\">Svjetski dan u\u010ditelja<\/a>, \u0161to je prilika da se prisjetimo ogromne uloge koju u\u010ditelji imaju u \u017eivotima djece. Za djecu koja odrastaju u ratnim okolnostima, u\u010ditelji \u010desto predstavljaju ne samo izvor znanja, ve\u0107 i stabilnosti, autoriteta i osje\u0107aja sigurnosti u djetinjstvu koje je rat poremetio.<\/span><\/p>\n<p><span style=\"font-weight: 400;\">Me\u0111u vi\u0161e od 6.000 li\u010dnih predmeta i pri\u010da iz preko 20 ratom pogo\u0111enih konteksta u na\u0161oj kolekciji nalaze se i mnoge uspomene koje su djeca podijelila o svojim u\u010diteljima i u\u010diteljicama. Povodom ovogodi\u0161njeg Svjetskog dana u\u010ditelja, pozivamo vas da istra\u017eite neke od tih pri\u010da.<\/span><\/p>\n<h3><span style=\"font-weight: 400;\">Upla\u0161ena u\u010diteljica<\/span><\/h3>\n<p><span style=\"font-weight: 400;\"><img decoding=\"async\" class=\"alignnone wp-image-6042 size-full\" src=\"https:\/\/warchildhood.org\/ba\/wp-content\/uploads\/2025\/10\/image-46.jpg\" alt=\"Upla\u0161ena u\u010diteljica, pri\u010de iz kolekcije\" width=\"2000\" height=\"1333\" srcset=\"https:\/\/warchildhood.org\/ba\/wp-content\/uploads\/2025\/10\/image-46.jpg 2000w, https:\/\/warchildhood.org\/ba\/wp-content\/uploads\/2025\/10\/image-46-300x200.jpg 300w, https:\/\/warchildhood.org\/ba\/wp-content\/uploads\/2025\/10\/image-46-1024x682.jpg 1024w, https:\/\/warchildhood.org\/ba\/wp-content\/uploads\/2025\/10\/image-46-768x512.jpg 768w, https:\/\/warchildhood.org\/ba\/wp-content\/uploads\/2025\/10\/image-46-1536x1024.jpg 1536w, https:\/\/warchildhood.org\/ba\/wp-content\/uploads\/2025\/10\/image-46-900x600.jpg 900w\" sizes=\"(max-width: 2000px) 100vw, 2000px\" \/><\/span><\/p>\n<p><span style=\"font-weight: 400;\">Nau\u010dila sam pisati u ratu. U prvi razred osnovne \u0161kole krenula sam u septembru 1992. godine. Umjesto u u\u010dionici, nastava se odvijala u \u201cgranapu kod \u0160ehi\u0107a\u201d. Granatiranja su bila svakodnevna. Jedan od takvih dana je bio i onaj kada sam crtala \u201cSretnu porodicu bez rata\u201d. Uslijedila je evakuacija. Na pola puta, \u201cotrgnula\u201d sam se u\u010diteljici iz ruku, \u010dvrsto uvjerena da na nogama imam magi\u010dne cipelice koje su br\u017ee od granata i snajpera, te dotr\u010dala nazad po svesku, jer sam htjela zavr\u0161iti crte\u017e. Niko nikada nije vikao na mene kao upla\u0161ena u\u010diteljica tog dana, poku\u0161avaju\u0107i mi objasniti da nemam magi\u010dne cipele i da sam mogla izgubiti \u017eivot zbog svog nepromi\u0161ljenog bijega.<\/span><\/p>\n<p><b><i>Mersiha, r. 1987, BiH<\/i><\/b><\/p>\n<h3><span style=\"font-weight: 400;\">Najbolja u\u010denica<\/span><\/h3>\n<p><span style=\"font-weight: 400;\"><img decoding=\"async\" class=\"alignnone wp-image-6041 size-full\" src=\"https:\/\/warchildhood.org\/ba\/wp-content\/uploads\/2025\/10\/image-45.jpg\" alt=\"Najbolja u\u010denica, pri\u010de iz kolekcije\" width=\"2000\" height=\"1333\" srcset=\"https:\/\/warchildhood.org\/ba\/wp-content\/uploads\/2025\/10\/image-45.jpg 2000w, https:\/\/warchildhood.org\/ba\/wp-content\/uploads\/2025\/10\/image-45-300x200.jpg 300w, https:\/\/warchildhood.org\/ba\/wp-content\/uploads\/2025\/10\/image-45-1024x682.jpg 1024w, https:\/\/warchildhood.org\/ba\/wp-content\/uploads\/2025\/10\/image-45-768x512.jpg 768w, https:\/\/warchildhood.org\/ba\/wp-content\/uploads\/2025\/10\/image-45-1536x1024.jpg 1536w, https:\/\/warchildhood.org\/ba\/wp-content\/uploads\/2025\/10\/image-45-900x600.jpg 900w\" sizes=\"(max-width: 2000px) 100vw, 2000px\" \/><\/span><\/p>\n<p><span style=\"font-weight: 400;\">Poha\u0111ala sam \u0161esti razred osnovne \u0161kole i bila sam jedina u\u010denica druge etni\u010dke pripadnosti u svom razredu. Djeca iz razreda \u010desto su znala biti zlo\u010desta prema meni, crtati na moje sveske nacionalisti\u010dke simbole ili me direktno vrije\u0111ati. Tako su se pona\u0161ali i nastavnici, svi osim moje nastavnice matematike Mare Torbice. Ona je uvijek bila pa\u017eljiva, i u situacijama koje su bile opasne po mene slala me je ku\u0107i i pisala mi ispri\u010dnice.\u00a0\u00a0<\/span><\/p>\n<p><span style=\"font-weight: 400;\">Na \u010dasu geografije smo u\u010dili o teritorijama na kojima \u017eivi samo jedan narod, te na kontrolnom testu pisali hvalospjeve o vojnim uspjesima i \u0161irenju teritorije. U silnoj \u017eelji da imam sve petice, na kontrolnim radovima sam odgovarala \u201cta\u010dno\u201d na sva pitanja, nadaju\u0107i se da \u0107u biti progla\u0161ena najboljom u\u010denicom na kraju godine. Kada je do\u0161ao kraj \u0161kolske godine, nastavnica Mara me je \u010dvrsto zagrlila ispred zbornice i rekla da, unato\u010d dobrim ocjenama, ne mogu biti javno progla\u0161ena najboljom. Tek kasnije sam zbog toga mnogo plakala.<\/span><\/p>\n<p><b><i>Ornela, r. 1980, BiH<\/i><\/b><\/p>\n<h3><span style=\"font-weight: 400;\">Ru\u017eno pa\u010de<\/span><\/h3>\n<p><span style=\"font-weight: 400;\"><img decoding=\"async\" class=\"alignnone wp-image-6043 size-full\" src=\"https:\/\/warchildhood.org\/ba\/wp-content\/uploads\/2025\/10\/image-47.jpg\" alt=\"Ru\u017eno pa\u010de, pri\u010de iz kolekcije\" width=\"2000\" height=\"1333\" srcset=\"https:\/\/warchildhood.org\/ba\/wp-content\/uploads\/2025\/10\/image-47.jpg 2000w, https:\/\/warchildhood.org\/ba\/wp-content\/uploads\/2025\/10\/image-47-300x200.jpg 300w, https:\/\/warchildhood.org\/ba\/wp-content\/uploads\/2025\/10\/image-47-1024x682.jpg 1024w, https:\/\/warchildhood.org\/ba\/wp-content\/uploads\/2025\/10\/image-47-768x512.jpg 768w, https:\/\/warchildhood.org\/ba\/wp-content\/uploads\/2025\/10\/image-47-1536x1024.jpg 1536w, https:\/\/warchildhood.org\/ba\/wp-content\/uploads\/2025\/10\/image-47-900x600.jpg 900w\" sizes=\"(max-width: 2000px) 100vw, 2000px\" \/><\/span><\/p>\n<p><span style=\"font-weight: 400;\">Moja baka je predavala srpskohrvatski jezik, a dedo je radio kao u\u010ditelj. Njih dvoje su tokom rata zajedno uljep\u0161avali i uveseljavali moje djetinjstvo. U ratnim ve\u010derima, kada nije bilo struje ili tokom trajanja pucnjave, baka i ja smo provodile vrijeme \u010ditaju\u0107i pri\u010de uz plamen svije\u0107e. Obi\u010dno su to bile Grimmove bajke, Ivo Andri\u0107, Branko \u0106opi\u0107 ili Andersenovo \u201cRu\u017eno pa\u010de\u201c. Zahvaljuju\u0107i bakinim pri\u010dama, dedi, koji me je tokom rata u\u010dio \u010ditati i pisati, i mojim roditeljima, odrastala sam znaju\u0107i da postoje i ljep\u0161a i veselija vremena.<\/span><\/p>\n<p><b><i>Darija, 1987, BiH<\/i><\/b><\/p>\n<h3><span style=\"font-weight: 400;\">\u0160kolska fotografija<\/span><\/h3>\n<p><span style=\"font-weight: 400;\"><img decoding=\"async\" class=\"alignnone wp-image-6044 size-full\" src=\"https:\/\/warchildhood.org\/ba\/wp-content\/uploads\/2025\/10\/image-48-scaled.jpg\" alt=\"\u0160kolska fotografija, pri\u010de iz kolekcije\" width=\"2560\" height=\"1920\" srcset=\"https:\/\/warchildhood.org\/ba\/wp-content\/uploads\/2025\/10\/image-48-scaled.jpg 2560w, https:\/\/warchildhood.org\/ba\/wp-content\/uploads\/2025\/10\/image-48-300x225.jpg 300w, https:\/\/warchildhood.org\/ba\/wp-content\/uploads\/2025\/10\/image-48-1024x768.jpg 1024w, https:\/\/warchildhood.org\/ba\/wp-content\/uploads\/2025\/10\/image-48-768x576.jpg 768w, https:\/\/warchildhood.org\/ba\/wp-content\/uploads\/2025\/10\/image-48-1536x1152.jpg 1536w, https:\/\/warchildhood.org\/ba\/wp-content\/uploads\/2025\/10\/image-48-2048x1536.jpg 2048w\" sizes=\"(max-width: 2560px) 100vw, 2560px\" \/><\/span><\/p>\n<p><span style=\"font-weight: 400;\">Tokom rata sam poha\u0111ala osnovnu \u0161kolu u Srebrenici. Nekoliko odjeljenja je pratilo nastavu u istom razredu, pod stalnim strahom od granatiranja. Ali i pored toga, u\u010ditelj se uvijek trudio da nam gradivo prenese na najbolji mogu\u0107i na\u010din. Slika koju predajem Muzeju ratnog djetinjstva predstavlja moju uspomenu iz prvog razreda osnovne \u0161kole. Tokom rata nismo imali priliku da se fotografi\u0161emo, tako da je ova fotografija ostala kao prva i jedina uspomena na moje \u0161kolske dane.<\/span><\/p>\n<p><b><i>D\u017eelaludina, r. 1984, BiH<\/i><\/b><\/p>\n","protected":false},"excerpt":{"rendered":"<p>Petog oktobra obilje\u017eava se Svjetski dan u\u010ditelja, \u0161to je prilika da se prisjetimo ogromne uloge koju u\u010ditelji imaju u \u017eivotima djece. Za djecu koja odrastaju u ratnim okolnostima, u\u010ditelji \u010desto&#8230;<\/p>\n","protected":false},"author":6,"featured_media":6044,"comment_status":"closed","ping_status":"closed","sticky":false,"template":"","format":"standard","meta":{"give_campaign_id":0,"_seopress_robots_primary_cat":"none","_seopress_titles_title":"Svjetski dan u\u010ditelja: Pri\u010de o obrazovanju u ratu","_seopress_titles_desc":"Povodom Svjetskog dana u\u010ditelja, Muzej ratnog djetinjstva dijeli uspomene djece na u\u010ditelje i u\u010diteljice koji su im pru\u017eali znanje, sigurnost i nadu tokom rata, od improviziranih u\u010dionica do online \u010dasova pod granatama.","_seopress_robots_index":"","footnotes":""},"categories":[190],"tags":[54],"class_list":{"0":"post-6040","1":"post","2":"type-post","3":"status-publish","4":"format-standard","5":"has-post-thumbnail","7":"category-kolekcija","8":"tag-mrd-kolekcija"},"_links":{"self":[{"href":"https:\/\/warchildhood.org\/ba\/wp-json\/wp\/v2\/posts\/6040","targetHints":{"allow":["GET"]}}],"collection":[{"href":"https:\/\/warchildhood.org\/ba\/wp-json\/wp\/v2\/posts"}],"about":[{"href":"https:\/\/warchildhood.org\/ba\/wp-json\/wp\/v2\/types\/post"}],"author":[{"embeddable":true,"href":"https:\/\/warchildhood.org\/ba\/wp-json\/wp\/v2\/users\/6"}],"replies":[{"embeddable":true,"href":"https:\/\/warchildhood.org\/ba\/wp-json\/wp\/v2\/comments?post=6040"}],"version-history":[{"count":1,"href":"https:\/\/warchildhood.org\/ba\/wp-json\/wp\/v2\/posts\/6040\/revisions"}],"predecessor-version":[{"id":6045,"href":"https:\/\/warchildhood.org\/ba\/wp-json\/wp\/v2\/posts\/6040\/revisions\/6045"}],"wp:featuredmedia":[{"embeddable":true,"href":"https:\/\/warchildhood.org\/ba\/wp-json\/wp\/v2\/media\/6044"}],"wp:attachment":[{"href":"https:\/\/warchildhood.org\/ba\/wp-json\/wp\/v2\/media?parent=6040"}],"wp:term":[{"taxonomy":"category","embeddable":true,"href":"https:\/\/warchildhood.org\/ba\/wp-json\/wp\/v2\/categories?post=6040"},{"taxonomy":"post_tag","embeddable":true,"href":"https:\/\/warchildhood.org\/ba\/wp-json\/wp\/v2\/tags?post=6040"}],"curies":[{"name":"wp","href":"https:\/\/api.w.org\/{rel}","templated":true}]}}