{"id":6553,"date":"2026-08-28T17:27:06","date_gmt":"2026-08-28T15:27:06","guid":{"rendered":"https:\/\/warchildhood.org\/ba\/?p=6553"},"modified":"2026-08-28T17:27:08","modified_gmt":"2026-08-28T15:27:08","slug":"dokumentovanje-ratnog-djetinjstva-u-kolumbiji","status":"publish","type":"post","link":"https:\/\/warchildhood.org\/ba\/dokumentovanje-ratnog-djetinjstva-u-kolumbiji\/","title":{"rendered":"Dokumentovanje ratnog djetinjstva u Kolumbiji"},"content":{"rendered":"\n<p class=\"wp-block-paragraph\">Po\u010detkom juna Muzej ratnog djetinjstva (MRD) pokrenuo je istra\u017eiva\u010dki i dokumentacijski projekat u Kolumbiji, nastavljaju\u0107i svoj rad na prikupljanju i o\u010duvanju pri\u010da o djetinjstvima obilje\u017eenim oru\u017eanim sukobima \u0161irom svijeta. Istra\u017eivanje provodi <strong>Louis Monroy, vanjski saradnik MRD-a na istra\u017eivanju i univerzitetski predava\u010d u Kolumbiji, koji se u svom radu bavi me\u0111unarodnim odnosima, izgradnjom mira i tranzicijskom pravdom<\/strong>.<\/p>\n\n\n\n<p class=\"wp-block-paragraph\">Oru\u017eani sukob koji u Kolumbiji traje decenijama mijenjao je svoje oblike i ostavio posljedice na generacije djece i porodica \u0161irom zemlje. Kroz rad u Kolumbiji, MRD prikuplja li\u010dne pri\u010de i predmete koji govore o odrastanju u razli\u010ditim periodima od 1948. godine do danas \u2013 od pojave gerilskih pokreta i perioda obilje\u017eenog djelovanjem narkokartela, preko \u0161irenja paravojnog nasilja, do mirovnog sporazuma i sukoba posljednjih godina.<\/p>\n\n\n\n<p class=\"wp-block-paragraph\">\u201eSvake godine nastavljamo razvijati na\u0161e istra\u017eiva\u010dke aktivnosti kako bismo u kolekciju uklju\u010dili \u0161to vi\u0161e razli\u010ditih pri\u010da. Iako je svaki sukob druga\u010diji, postoje zajedni\u010dke niti u na\u010dinu na koji rat utje\u010de na djetinjstvo, bez obzira na vrijeme i mjesto. Uklju\u010divanje pri\u010da iz Kolumbije va\u017eno je za misiju MRD-a i na\u0161e nastojanje da se \u010duju iskustva \u0161to ve\u0107eg broja djece pogo\u0111ene ratom\u201c, rekla je <strong>Aynura Akba\u0161, menad\u017eerica za istra\u017eiva\u010dke aktivnosti Muzeja ratnog djetinjstva<\/strong>.<\/p>\n\n\n\n<h3 class=\"wp-block-heading\"><strong>Dokumentovanje iskustava \u0161irom Kolumbije<\/strong><\/h3>\n\n\n\n<p class=\"wp-block-paragraph\">U julu je Monroy proveo terensko istra\u017eivanje u Barrancabermeji, gdje je dokumentovao iskustva ljudi koji su kao djeca bili prisilno regrutovani u gerilske grupe. Tokom boravka posjetio je i Ku\u0107u sje\u0107anja i ljudskih prava \u017eena, organizaciju koja je dugi niz godina posve\u0107ena za\u0161titi ljudskih prava, kulturi sje\u0107anja i iskustvima \u017eena pogo\u0111enih nasiljem.<\/p>\n\n\n\n<p class=\"wp-block-paragraph\">\u201eOve pri\u010de pru\u017eaju uvid u neke od problema koji se nalaze u pozadini kolumbijskog oru\u017eanog sukoba i mogu doprinijeti nastojanjima da se sprije\u010di ponavljanje nasilja u dru\u0161tvu\u201c, rekao je Monroy.<\/p>\n\n\n\n<p class=\"wp-block-paragraph\">Istra\u017eiva\u010dki proces osmi\u0161ljen je tako da u\u010desnicima omogu\u0107i da svoja iskustva podijele na na\u010din koji njima odgovara, uz razumijevanje da su sje\u0107anja na rat i sukob duboko li\u010dna i da ne postoji samo jedan na\u010din da se govori o djetinjstvu obilje\u017eenom ratom.<\/p>\n\n\n\n<p class=\"wp-block-paragraph\">\u201eKolumbijska kolekcija Muzeja objedinjuje li\u010dne pri\u010de i predmete povezane s djetinjstvima obilje\u017eenim oru\u017eanim sukobom, od 1948. godine do danas. Svaka pri\u010da donosi li\u010dnu perspektivu o tome kako je oru\u017eani sukob oblikovao djetinjstvo u Kolumbiji\u201c, ka\u017ee <strong>Aynura Akba\u0161, menad\u017eerica za istra\u017eivanje Muzeja ratnog djetinjstva<\/strong>.<\/p>\n\n\n\n<h3 class=\"wp-block-heading\"><strong>Prostor za pri\u010de djece i mladih<\/strong><\/h3>\n\n\n\n<p class=\"wp-block-paragraph\">Krajem jula MRD je podr\u017eao organizaciju radionice u Bogoti za djecu i mlade \u010diji su \u010dlanovi porodica bili oteti od strane gerilskih grupa. Kroz razli\u010dite umjetni\u010dke metode, u\u010desnici su imali priliku istra\u017eiti i izraziti vlastita iskustva na na\u010din koji im je najvi\u0161e odgovarao. Neki od njih odlu\u010dili su s Muzejom podijeliti svoje pri\u010de i li\u010dne predmete i tako postali dio rastu\u0107e kolumbijske kolekcije MRD-a.<\/p>\n\n\n\n<p class=\"wp-block-paragraph\">Radionica se temelji na jednom od va\u017enih principa istra\u017eiva\u010dke i dokumentacijske metodologije MRD-a: djeca i mladi trebaju imati mogu\u0107nost da sami odlu\u010de da li, kada i na koji na\u010din \u017eele podijeliti svoja iskustva. Predmeti, crte\u017ei, fotografije, sje\u0107anja i li\u010dne pri\u010de mogu pru\u017eiti razli\u010dite na\u010dine izra\u017eavanja iskustava koja je ponekad te\u0161ko prenijeti kroz konvencionalne oblike svjedo\u010denja.<\/p>\n\n\n\n<p class=\"wp-block-paragraph\"><strong>Rad u Kolumbiji dio je \u0161ire posve\u0107enosti Muzeja ratnog djetinjstva o\u010duvanju glasova i iskustava djece pogo\u0111ene oru\u017eanim sukobima \u0161irom svijeta.<\/strong> Kako se kolumbijska kolekcija bude \u0161irila, Muzej \u0107e nastojati zabilje\u017eiti raznolikost i slo\u017eenost ovih iskustava, uz po\u0161tovanje dostojanstva svakog u\u010desnika i njegovog prava da sam odlu\u010di kako \u0107e ispri\u010dati svoju pri\u010du.<\/p>\n","protected":false},"excerpt":{"rendered":"<p>Po\u010detkom juna Muzej ratnog djetinjstva (MRD) pokrenuo je istra\u017eiva\u010dki i dokumentacijski projekat u Kolumbiji, nastavljaju\u0107i svoj rad na prikupljanju i o\u010duvanju pri\u010da o djetinjstvima obilje\u017eenim oru\u017eanim sukobima \u0161irom svijeta. Istra\u017eivanje&#8230;<\/p>\n","protected":false},"author":6,"featured_media":6554,"comment_status":"closed","ping_status":"closed","sticky":false,"template":"","format":"standard","meta":{"give_campaign_id":0,"_seopress_titles_title":"","_seopress_titles_desc":"","_seopress_robots_index":"","_seopress_robots_follow":"","_seopress_robots_imageindex":"","_seopress_robots_snippet":"","_seopress_robots_primary_cat":"","_seopress_robots_breadcrumbs":"","_seopress_robots_freeze_modified_date":"","_seopress_robots_custom_modified_date":"","_seopress_robots_canonical":"","_seopress_social_fb_title":"","_seopress_social_fb_desc":"","_seopress_social_fb_img":"","_seopress_social_fb_img_attachment_id":0,"_seopress_social_fb_img_width":0,"_seopress_social_fb_img_height":0,"_seopress_social_twitter_title":"","_seopress_social_twitter_desc":"","_seopress_social_twitter_img":"","_seopress_social_twitter_img_attachment_id":0,"_seopress_social_twitter_img_width":0,"_seopress_social_twitter_img_height":0,"_seopress_redirections_value":"","_seopress_redirections_enabled":"","_seopress_redirections_enabled_regex":"","_seopress_redirections_logged_status":"","_seopress_redirections_param":"","_seopress_redirections_type":0,"_seopress_analysis_target_kw":"","footnotes":""},"categories":[9,190],"tags":[218,54,13],"class_list":["post-6553","post","type-post","status-publish","format-standard","has-post-thumbnail","category-istrazivanje","category-kolekcija","tag-kolumbija","tag-mrd-kolekcija","tag-muzej-ratnog-djetinjstva"],"_links":{"self":[{"href":"https:\/\/warchildhood.org\/ba\/wp-json\/wp\/v2\/posts\/6553","targetHints":{"allow":["GET"]}}],"collection":[{"href":"https:\/\/warchildhood.org\/ba\/wp-json\/wp\/v2\/posts"}],"about":[{"href":"https:\/\/warchildhood.org\/ba\/wp-json\/wp\/v2\/types\/post"}],"author":[{"embeddable":true,"href":"https:\/\/warchildhood.org\/ba\/wp-json\/wp\/v2\/users\/6"}],"replies":[{"embeddable":true,"href":"https:\/\/warchildhood.org\/ba\/wp-json\/wp\/v2\/comments?post=6553"}],"version-history":[{"count":1,"href":"https:\/\/warchildhood.org\/ba\/wp-json\/wp\/v2\/posts\/6553\/revisions"}],"predecessor-version":[{"id":6556,"href":"https:\/\/warchildhood.org\/ba\/wp-json\/wp\/v2\/posts\/6553\/revisions\/6556"}],"wp:featuredmedia":[{"embeddable":true,"href":"https:\/\/warchildhood.org\/ba\/wp-json\/wp\/v2\/media\/6554"}],"wp:attachment":[{"href":"https:\/\/warchildhood.org\/ba\/wp-json\/wp\/v2\/media?parent=6553"}],"wp:term":[{"taxonomy":"category","embeddable":true,"href":"https:\/\/warchildhood.org\/ba\/wp-json\/wp\/v2\/categories?post=6553"},{"taxonomy":"post_tag","embeddable":true,"href":"https:\/\/warchildhood.org\/ba\/wp-json\/wp\/v2\/tags?post=6553"}],"curies":[{"name":"wp","href":"https:\/\/api.w.org\/{rel}","templated":true}]}}